{"id":24957,"date":"2025-08-28T15:09:14","date_gmt":"2025-08-28T13:09:14","guid":{"rendered":"https:\/\/www.obalne-galerije.si\/?p=24957"},"modified":"2025-11-28T13:38:14","modified_gmt":"2025-11-28T12:38:14","slug":"ex-tempore-piran-2025","status":"publish","type":"post","link":"https:\/\/www.obalne-galerije.si\/en\/ex-tempore-piran-2025\/","title":{"rendered":"EX-TEMPORE PIRAN 2025: 60th INTERNATIONAL PAINTING"},"content":{"rendered":"<p><section class=\"kc-elm kc-css-397342 kc_row\"><div class=\"kc-row-container  kc-container\"><div class=\"kc-wrap-columns\"><div class=\"kc-elm kc-css-188392 kc_col-sm-12 kc_column kc_col-sm-12\"><div class=\"kc-col-container\"><\/div><\/div><\/div><\/div><\/section><section class=\"kc-elm kc-css-508972 kc_row\"><div class=\"kc-row-container  kc-container\"><div class=\"kc-wrap-columns\"><div class=\"kc-elm kc-css-500151 kc_col-sm-6 kc_column kc_col-sm-6\"><div class=\"kc-col-container\"><div class=\"kc-elm kc-css-110363 kc_text_block\"><\/p>\n<p><b>EX-TEMPORE PIRAN 2025:\u00a0<br \/>60th INTERNATIONAL PAINTING EX-TEMPORE |\u00a0<\/b><\/p>\n<p><b>30.08.2025\u2013<\/b><strong>6.09.2025<\/strong><b>\u00a0|\u00a0<\/b><\/p>\n<p><b>Exhibitions:\u00a0<br \/>Civic Gallery Piran, 6.09.2025\u2013<del>7.12.2025<\/del> 30.11.2025 (due to the new layout, the exhibition will end on November 30, 2025) |\u00a0<br \/>Monfort Gallery, Portoro\u017e, 6.09.2025\u20132.11.2025 |\u00a0<\/b><\/p>\n<p><b>Award Ceremony:\u00a0<br \/>Tartini Square, Piran, Saturday, 6.09.2025, at 8.30 pm.<\/b><\/p>\n<p><!--more--><\/p>\n<p>\n<\/div><div class=\"kc-elm kc-css-413984 kc_shortcode kc_single_image\">\n\n        <img decoding=\"async\" src=\"https:\/\/www.obalne-galerije.si\/wp-content\/uploads\/2025\/08\/4H1A2612-scaled.jpg\" class=\"\" alt=\"\" \/>    <\/div>\n<div class=\"kc-elm kc-css-106434 kc_shortcode kc_single_image\">\n\n        <img decoding=\"async\" src=\"https:\/\/www.obalne-galerije.si\/wp-content\/uploads\/2025\/08\/4H1A2577-scaled.jpg\" class=\"\" alt=\"\" \/>    <\/div>\n<div class=\"kc-elm kc-css-874505 kc_text_block\"><\/p>\n<p><i>Photo: Jadran Rusjan.<\/i><\/p>\n<p>\n<\/div><div class=\"kc-elm kc-css-904188\" style=\"height: 20px; clear: both; width:100%;\"><\/div><\/div><\/div><div class=\"kc-elm kc-css-501258 kc_col-sm-6 kc_column kc_col-sm-6\"><div class=\"kc-col-container\"><div class=\"kc-elm kc-css-941926 kc_text_block\"><\/p>\n<p><em style=\"font-family: -apple-system, BlinkMacSystemFont, \"Segoe UI\", Roboto, Oxygen-Sans, Ubuntu, Cantarell, \"Helvetica Neue\", sans-serif;\">Ex-tempore Piran<\/em><span style=\"font-style: inherit; font-family: -apple-system, BlinkMacSystemFont, \"Segoe UI\", Roboto, Oxygen-Sans, Ubuntu, Cantarell, \"Helvetica Neue\", sans-serif;\"> is the Piran Coastal Galleries&#039; event that is most open to the public and visual artists. It is recognizable for its competitive character and enviably long tradition, which confirms its great popularity in the local and international space. We have great hope that this year&#039;s 60th anniversary edition will be marked by diverse participation of a new generation of creators and the quality of their submitted artworks.<\/span><\/p>\n<p>The <em>Ex-tempore Piran 2025<\/em> will unofficially begin on Friday, August 29, 2025, with the opening of the exhibition by Lev Ambro\u017e Okorn, a student of the Academy of Fine Arts and Design in Ljubljana and last year&#039;s recipient of the Young Author Prize 2024, at the Herman Pe\u010dari\u010d Gallery. The award represents a unique opportunity to become part of the contemporary art system, which involves multiple stakeholders: in this case, the artist, the gallery, and the public.<\/p>\n<p>On Saturday, August 30th, stamping of painting supports will begin at multiple locations in Slovenia (Portoro\u017e, Ljubljana, Celje, Maribor) and Croatia (Rijeka). During the week until September 6, 2025, interesting accompanying events for children and adults will take place, organized by the Piran Coastal Galleries in collaboration with various partners.<\/p>\n<p>This year&#039;s international expert jury consists of <strong>Stephanie Per\u0161i\u0107<\/strong>, an art historian and curator at the Labin Public Art Gallery (Croatia), <strong>Renzo Grigolon<\/strong>, cultural worker (Italy), and <strong>Jadranka Plut<\/strong>, an art critic and curator (Slovenia). The jury will select paintings for the exhibition and award numerous prizes, among which the Young Author Prize\u00a0 and the Grand Prix stand out. Just like last year, Ex-tempore Piran 2025 exhibition will be held at two locations: all awarded artworks will be on display at the Piran Civic Gallery, while the paintings shortlisted by the international jury will be exhibited at the Monfort Gallery in Portoro\u017e.<\/p>\n<p><strong><em>Ex-tempore Piran 2025<\/em><\/strong><strong> will conclude on Saturday, September 6, 2025, when the award ceremony will take place at Tartini Square at 8:30 PM, with music performance: <span data-originalfontsize=\"11.5pt\" data-originalcomputedfontsize=\"15.333333\">directed by Igor Jelen \u2500 Iggy, tenor \u017diga Lakner, cellist Bernardo Brizani<\/span><span data-originalfontsize=\"11.5pt\" data-originalcomputedfontsize=\"15.333333\">. The event will be hosted by Iztok Gustin\u010di\u010d.<\/span><\/strong><\/p>\n<p>We are looking\u00a0 forward to your participation and you are most welcome to join us!<\/p>\n<p>\n<\/div><\/div><\/div><\/div><\/div><\/section><section class=\"kc-elm kc-css-677972 kc_row\"><div class=\"kc-row-container  kc-container\"><div class=\"kc-wrap-columns\"><div class=\"kc-elm kc-css-603047 kc_col-sm-12 kc_column kc_col-sm-12\"><div class=\"kc-col-container\"><div class=\"kc-elm kc-css-497239\" style=\"height: 20px; clear: both; width:100%;\"><\/div><\/div><\/div><\/div><\/div><\/section><section class=\"kc-elm kc-css-354070 kc_row\"><div class=\"kc-row-container  kc-container\"><div class=\"kc-wrap-columns\"><div class=\"kc-elm kc-css-188879 kc_col-sm-3 kc_column kc_col-sm-3\"><div class=\"kc-col-container\">\n<div class=\"kc-elm kc-css-489015\">\n\t<a class=\"kc_button\" href=\"https:\/\/www.obalne-galerije.si\/wp-content\/uploads\/2025\/07\/vabilo-pravilnik_2025_ENG.pdf\" target=\"_blank\" title=\"\" onclick=\"\">\n\t\t<i class=\"sl-paper-clip\"><\/i> RULES OF PARTICIPATION\t<\/a>\n<\/div>\n<div class=\"kc-elm kc-css-762603\" style=\"height: 20px; clear: both; width:100%;\"><\/div><\/div><\/div><div class=\"kc-elm kc-css-350128 kc_col-sm-4 kc_column kc_col-sm-4\"><div class=\"kc-col-container\">\n<div class=\"kc-elm kc-css-612170\">\n\t<a class=\"kc_button\" href=\"https:\/\/www.obalne-galerije.si\/wp-content\/uploads\/2025\/08\/EX-tempore-2025.pdf\" target=\"_blank\" title=\"\" onclick=\"\">\n\t\t<i class=\"sl-paper-clip\"><\/i> FULL BOOKLETEX-TEMPORE 2025: PROGRAM\t<\/a>\n<\/div>\n<div class=\"kc-elm kc-css-872121\" style=\"height: 20px; clear: both; width:100%;\"><\/div><\/div><\/div><div class=\"kc-elm kc-css-471106 kc_col-sm-4 kc_column kc_col-sm-4\"><div class=\"kc-col-container\">\n<div class=\"kc-elm kc-css-242768\">\n\t<a class=\"kc_button\" href=\"https:\/\/www.obalne-galerije.si\/wp-content\/uploads\/2025\/08\/Izjava_Dicharazione_Statement_2025.pdf\" target=\"_blank\" title=\"\" onclick=\"\">\n\t\t<i class=\"sl-paper-clip\"><\/i> EX-TEMPORE 2025: STATEMENT\t<\/a>\n<\/div>\n<div class=\"kc-elm kc-css-360074\" style=\"height: 20px; clear: both; width:100%;\"><\/div><\/div><\/div><div class=\"kc-elm kc-css-524330 kc_col-sm-1 kc_column kc_col-sm-1\"><div class=\"kc-col-container\"><\/div><\/div><\/div><\/div><\/section><section class=\"kc-elm kc-css-546856 kc_row\"><div class=\"kc-row-container  kc-container\"><div class=\"kc-wrap-columns\"><div class=\"kc-elm kc-css-304718 kc_col-sm-12 kc_column kc_col-sm-12\"><div class=\"kc-col-container\"><div class=\"kc-elm kc-css-901771\" style=\"height: 70px; clear: both; width:100%;\"><\/div><\/div><\/div><\/div><\/div><\/section><section class=\"kc-elm kc-css-126168 kc_row\"><div class=\"kc-row-container  kc-container\"><div class=\"kc-wrap-columns\"><div class=\"kc-elm kc-css-241301 kc_col-sm-12 kc_column kc_col-sm-12\"><div class=\"kc-col-container\"><div class=\"kc-elm kc-css-289551 kc_text_block\"><\/p>\n<h3>ARTISTS ON VIEW: PIRAN CITY GALLERY<\/h3>\n<table width=\"735\">\n<tbody>\n<tr>\n<td colspan=\"2\" width=\"735\">\u00a0<\/td>\n<\/tr>\n<tr>\n<td>\n<h4><strong>ARTIST<\/p>\n<p><\/strong><\/p>\n<p><strong><\/strong><\/p>\n<\/h4>\n<\/td>\n<td>\n<h4><strong>TITLE<\/p>\n<p><\/strong><\/p>\n<p><strong><\/strong><\/p>\n<\/h4>\n<\/td>\n<\/tr>\n<tr>\n<td>ALFRED SCHEIKL<\/td>\n<td>&#8220;SADE\u017dI MORJA\"<\/td>\n<\/tr>\n<tr>\n<td>ANDREJA SRNA \u017dIBERT<\/td>\n<td>FALL OUT OF LOVE<\/td>\n<\/tr>\n<tr>\n<td>ANTONIJA CELIN<\/td>\n<td>&#8220;PIRAN\"<\/td>\n<\/tr>\n<tr>\n<td>BARBARA JURKOV\u0160EK<\/td>\n<td>&#8220;DI\u0160ALO JE PO TRAVI\"<\/td>\n<\/tr>\n<tr>\n<td>CVETO VIDOVI\u010c<\/td>\n<td>SINK: &#8220;YOU WANT TO BE LIKE RICHARD D.or\/AND MARCEL D.?<\/td>\n<\/tr>\n<tr>\n<td>DANILO JEREB<\/td>\n<td>WELCOME TO SUNNY SEA<\/td>\n<\/tr>\n<tr>\n<td>EMILIJA PODJAVOR\u0160EK<\/td>\n<td>SLOVO POLETJU<\/td>\n<\/tr>\n<tr>\n<td>EVA \u017dGAJNAR<\/td>\n<td>10. JULIJ, 22:17<\/td>\n<\/tr>\n<tr>\n<td>GORANKA SUPIN<\/td>\n<td>&#8220;REFLEKSIJE KRHOSTI\"<\/td>\n<\/tr>\n<tr>\n<td>IRENA OREL<\/td>\n<td>&#8220;POVODNA \u017dENA\"<\/td>\n<\/tr>\n<tr>\n<td>IVAN JANI KONEC<\/td>\n<td>&#8220;RAZPLETANJE SVETA\"<\/td>\n<\/tr>\n<tr>\n<td>JANJA KOSI<\/td>\n<td>WE ALL CAME HERE FOR THE SUNSETS<\/td>\n<\/tr>\n<tr>\n<td>JANA PERIC<\/td>\n<td>UMIRJENOST<\/td>\n<\/tr>\n<tr>\n<td>JULIJA BRAJNIK VOL\u010cI\u010c<\/td>\n<td>NEMO\u010cNA<\/td>\n<\/tr>\n<tr>\n<td>KARIN KOCI\u010c<\/td>\n<td>SLEDI OTRO\u0160TVA V PESKU<\/td>\n<\/tr>\n<tr>\n<td>KLAVDIJA JER\u0160INOVEC<\/td>\n<td>BARCOLANA<\/td>\n<\/tr>\n<tr>\n<td>KLAVDIJA MARU\u0160I\u010c<\/td>\n<td>MODRO OPOZORILO<\/td>\n<\/tr>\n<tr>\n<td>MARGOT SIPPL<\/td>\n<td>&#8220;LATE SUMMER\"<\/td>\n<\/tr>\n<tr>\n<td>MARU\u0160A \u0160U\u0160TAR<\/td>\n<td>&#8220;\u0160E \u017dIVIMO, \u0160E SMO TU\"<\/td>\n<\/tr>\n<tr>\n<td>METODA PAVLI\u010c<\/td>\n<td>SONCE, MORJE, TURKIZ\u2026.<\/td>\n<\/tr>\n<tr>\n<td>MOJCA TR\u0160AR<\/td>\n<td>BRINJEVKA<\/td>\n<\/tr>\n<tr>\n<td>MONIKA SLEMC KLAV\u017dAR<\/td>\n<td>DREAM AWAY<\/td>\n<\/tr>\n<tr>\n<td>NADA ZIDARI\u010c<\/td>\n<td>BREZ BESED<\/td>\n<\/tr>\n<tr>\n<td>NATA\u0160A BEZI\u0106<\/td>\n<td>FLOWERS OF SALT<\/td>\n<\/tr>\n<tr>\n<td>PAVLA MILO\u0160I\u010c<\/td>\n<td>HE IS ALSO FROM PALESTINE<\/td>\n<\/tr>\n<tr>\n<td>PETJA KOCET<\/td>\n<td>OLEANDER<\/td>\n<\/tr>\n<tr>\n<td>SABINA \u0160INKO<\/td>\n<td>PORTRET S KAMENO KORALO<\/td>\n<\/tr>\n<tr>\n<td>SIMON KASTELIC<\/td>\n<td>&#8220;+\/2 (KRI\u017d NA POL)\"<\/td>\n<\/tr>\n<tr>\n<td>SUZANA BRBOROVI\u010c<\/td>\n<td>ODSEV PRIHODNOST IN D\u00dcRERJEVO TELO<\/td>\n<\/tr>\n<tr>\n<td>SUZANA MAROVT<\/td>\n<td>TAM SO MOJE MISLI<\/td>\n<\/tr>\n<tr>\n<td>ZORAN KRULJ<\/td>\n<td>\u00a0&#8220;FIGURA N1\"<\/td>\n<\/tr>\n<\/tbody>\n<\/table>\n<p>\n<\/div><\/div><\/div><\/div><\/div><\/section><section class=\"kc-elm kc-css-902182 kc_row\"><div class=\"kc-row-container  kc-container\"><div class=\"kc-wrap-columns\"><div class=\"kc-elm kc-css-488717 kc_col-sm-12 kc_column kc_col-sm-12\"><div class=\"kc-col-container\"><div class=\"kc-elm kc-css-129807\" style=\"height: 50px; clear: both; width:100%;\"><\/div><\/div><\/div><\/div><\/div><\/section><section class=\"kc-elm kc-css-812265 kc_row\"><div class=\"kc-row-container  kc-container\"><div class=\"kc-wrap-columns\"><div class=\"kc-elm kc-css-788565 kc_col-sm-12 kc_column kc_col-sm-12\"><div class=\"kc-col-container\"><div class=\"kc-elm kc-css-875404 kc_text_block\"><\/p>\n<h3>ARTISTS ON VIEW: MONFORT GALLERY, PORTORO\u017d<\/h3>\n<div>\u00a0<\/div>\n<table width=\"763\">\n<tbody>\n<tr>\n<td width=\"280\">\n<h4><strong>ARTIST<\/strong><\/h4>\n<\/td>\n<td width=\"483\">\n<h4><strong>TITLE<\/strong><\/h4>\n<\/td>\n<\/tr>\n<tr>\n<td>ALEKSANDER BREZLAN<\/td>\n<td>VAR\u010cEVANJE (\u0160PARANJE)<\/td>\n<\/tr>\n<tr>\n<td>ANDREA VERDELAGO<\/td>\n<td>SON\u010cNO SOLNO POLJE<\/td>\n<\/tr>\n<tr>\n<td>ANDREJ NOVAK<\/td>\n<td>LAPIS CRSTICUS<\/td>\n<\/tr>\n<tr>\n<td>ANDREJ SCHLEGEL<\/td>\n<td>PUNTA<\/td>\n<\/tr>\n<tr>\n<td>ANDREJA MODRIN \u0160VAB<\/td>\n<td>ZAZRI SE NAZAJ IN POJDI NAPREJ<\/td>\n<\/tr>\n<tr>\n<td>ANNA BERG \u0160KVOR<\/td>\n<td>VHOD V \u010cAS ENTRANCE TO THE TIME<\/td>\n<\/tr>\n<tr>\n<td>BARBARA JUGOVAC<\/td>\n<td>DI\u017dE SE MAGLA<\/td>\n<\/tr>\n<tr>\n<td>BARBARA SCHEIKL<\/td>\n<td>LJUBEZEN<\/td>\n<\/tr>\n<tr>\n<td>BOGDAN BAROVI\u010c<\/td>\n<td>IZ BETULE; MAL\u010cK PJAN<\/td>\n<\/tr>\n<tr>\n<td>BOJANA SENEKOVI\u010c \u0160.<\/td>\n<td>SVETLOBNI PRISTAN<\/td>\n<\/tr>\n<tr>\n<td>BRANKA DRAGOSAVAC<\/td>\n<td>IZOBILJE<\/td>\n<\/tr>\n<tr>\n<td>BRINA MARKUN \u017dIBERT<\/td>\n<td>BAR\u010cICA<\/td>\n<\/tr>\n<tr>\n<td>DAVID LI\u010cEN<\/td>\n<td>LADJA SPOMINOV<\/td>\n<\/tr>\n<tr>\n<td>DU\u0160A JESIH<\/td>\n<td>PLAVALEC JE \u010cRTA, KI ZAVRA\u010cA KONEC<\/td>\n<\/tr>\n<tr>\n<td>ELSA DELISE<\/td>\n<td>SALINE<\/td>\n<\/tr>\n<tr>\n<td>ENEJ CJUHA GIULIATTI<\/td>\n<td>LION FISH<\/td>\n<\/tr>\n<tr>\n<td>EVA GORI\u0160EK<\/td>\n<td>URBAN ECHO<\/td>\n<\/tr>\n<tr>\n<td>FULVIA ZUDI\u010c<\/td>\n<td>SALINE &#8211; SOLINE<\/td>\n<\/tr>\n<tr>\n<td>GODA TAMA\u0160AUSKAITE<\/td>\n<td>FORESTORY<\/td>\n<\/tr>\n<tr>\n<td>IRENA LORGET LIPOVEC<\/td>\n<td>BENE\u010cANKA<\/td>\n<\/tr>\n<tr>\n<td>IVAN \u017dIBERT<\/td>\n<td>SOLINE<\/td>\n<\/tr>\n<tr>\n<td>IZTOK BOBI\u010c<\/td>\n<td>SOLNA \u017dETEV<\/td>\n<\/tr>\n<tr>\n<td>JAKOB LEONARD \u0160TEFAN\u010cI\u010c<\/td>\n<td>CHRIPER<\/td>\n<\/tr>\n<tr>\n<td>JANA GOLE<\/td>\n<td>SVETLOBA MORJA<\/td>\n<\/tr>\n<tr>\n<td>JAN\u017dA KORENT<\/td>\n<td>RIBICE<\/td>\n<\/tr>\n<tr>\n<td>JO\u017dE CAFNIK<\/td>\n<td>RIBI\u010c LOVI, PA NI\u010c NE DOBI<\/td>\n<\/tr>\n<tr>\n<td>KRI\u0160TOF \u0160TERK<\/td>\n<td>PLA\u017dA<\/td>\n<\/tr>\n<tr>\n<td>LEA CEBE POBR\u017dAJ<\/td>\n<td>PLASTI\u010cNI OCEAN ALI UJETI V PROZORNO SMRT<\/td>\n<\/tr>\n<tr>\n<td>LINA BENSA<\/td>\n<td>SLANI OBLAKI<\/td>\n<\/tr>\n<tr>\n<td>LIVIO ZOPPOLATO<\/td>\n<td>DIVIETO DI AFFISSIONE<\/td>\n<\/tr>\n<tr>\n<td>LONA VERLICH<\/td>\n<td>VE\u010cERNA IDILA<\/td>\n<\/tr>\n<tr>\n<td>MARINA BEN\u010cI\u010c<\/td>\n<td>ZAHOD V SOLINAH<\/td>\n<\/tr>\n<tr>\n<td>MARINKA KERSTEIN<\/td>\n<td>LJUBEZEN JE POVSOD<\/td>\n<\/tr>\n<tr>\n<td>MARJAN PREVODNIK<\/td>\n<td>PARAFRAZIRANJE SEBE IN DRUGIH<\/td>\n<\/tr>\n<tr>\n<td>MARKO POR<\/td>\n<td>PRI\u0160LEK<\/td>\n<\/tr>\n<tr>\n<td>MATEJ POLLICK<\/td>\n<td>NA MEJI \/ BORDERLINE<\/td>\n<\/tr>\n<tr>\n<td>MATJA\u0160 DIEGO ZADEL DELLAMORTE<\/td>\n<td>KROMATSKA MEDITACIJA POLETJA<\/td>\n<\/tr>\n<tr>\n<td>METKA PEPELNAK<\/td>\n<td>DREVO MORJA<\/td>\n<\/tr>\n<tr>\n<td>MILENA RO\u0160TOHAR<\/td>\n<td>MED NEBOM IN MORJEM<\/td>\n<\/tr>\n<tr>\n<td>MIRA RESNIK<\/td>\n<td>MAKE GLOBE GREAT AGAIN<\/td>\n<\/tr>\n<tr>\n<td>NEVENKA FLAJS<\/td>\n<td>FRAGMENTI IDENTITETE<\/td>\n<\/tr>\n<tr>\n<td>NEVENKO \u0160\u0106ULAC<\/td>\n<td>OVAN<\/td>\n<\/tr>\n<tr>\n<td>NICOLAS GRABOVAC<\/td>\n<td>RIBI\u0160KE MRE\u017dE<\/td>\n<\/tr>\n<tr>\n<td>NIKA \u010cERNIGOJ<\/td>\n<td>SOLNI CVET<\/td>\n<\/tr>\n<tr>\n<td>NIKOLAJ PETREV\u010cI\u010c<\/td>\n<td>POGLED NA PIRAN<\/td>\n<\/tr>\n<tr>\n<td>NINA CJUHA GIULIATTI<\/td>\n<td>MOJ BLUE<\/td>\n<\/tr>\n<tr>\n<td>OSKAR PETRA\u010c<\/td>\n<td>NEVIHTNO MORJE<\/td>\n<\/tr>\n<tr>\n<td>POLONA KITAK<\/td>\n<td>OSTANI \u017dIV, PODVODNI SVET!<\/td>\n<\/tr>\n<tr>\n<td>REBEKA GRI\u017dON<\/td>\n<td>ODMEVI GLOBIN (DIALOG Z NEZAVEDNIM)<\/td>\n<\/tr>\n<tr>\n<td>RENATA PENTEK<\/td>\n<td>VA PENSIERO<\/td>\n<\/tr>\n<tr>\n<td>RO\u017dA MARIJA KORENT<\/td>\n<td>PODVODNI DO\u017dIVLJAJSKI SVET<\/td>\n<\/tr>\n<tr>\n<td>SA\u0160A GAJ\u0160EK<\/td>\n<td>PROSTOR BREZ \u010cASA<\/td>\n<\/tr>\n<tr>\n<td>SERGIO SPAGNOLO<\/td>\n<td>TARTINI IL TRILLO DEL DIAVOLO<\/td>\n<\/tr>\n<tr>\n<td>SOFIA MALLY<\/td>\n<td>ZLATA POT \u010cEZ VALOVE<\/td>\n<\/tr>\n<tr>\n<td>SOFIJA MARU\u0160I\u010c<\/td>\n<td>ATENA IN MEDUSA<\/td>\n<\/tr>\n<tr>\n<td>STANE PETROVI\u010c &#8211; \u010cON\u010c<\/td>\n<td>SOLINE<\/td>\n<\/tr>\n<tr>\n<td>SVIT SOVRE<\/td>\n<td>SO\u010cA<\/td>\n<\/tr>\n<tr>\n<td>TEJA MUNIH<\/td>\n<td>UTOPIJA<\/td>\n<\/tr>\n<tr>\n<td>TANJA PE\u0106ANI\u0106<\/td>\n<td>TI\u0160INA \/ QUIETE<\/td>\n<\/tr>\n<tr>\n<td>TEA PA\u0160KOV VUKOJEVI\u0106<\/td>\n<td>VIBRACIJA TI\u0160INE<\/td>\n<\/tr>\n<tr>\n<td>TEO HUDNIK<\/td>\n<td>\u010cUDE\u017dNA PLA\u017dA<\/td>\n<\/tr>\n<tr>\n<td>THOR FER\u0160<\/td>\n<td>MONKEY ISLAND<\/td>\n<\/tr>\n<tr>\n<td>TINKA LESKOV\u0160EK<\/td>\n<td>MODRA<\/td>\n<\/tr>\n<tr>\n<td>TRISTAN RIBI\u010c<\/td>\n<td>RIBI\u010c RIBI\u010c<\/td>\n<\/tr>\n<tr>\n<td>VITA \u010cEPI\u010c<\/td>\n<td>NOBODY IS THINKING (ABOUT YOU)<\/td>\n<\/tr>\n<tr>\n<td>VITA MARKUN \u017dIBERT<\/td>\n<td>MIJAU<\/td>\n<\/tr>\n<tr>\n<td>VOJKO ANZELJC<\/td>\n<td>NA OBALI NA KARTONU<\/td>\n<\/tr>\n<tr>\n<td>ZORKA SVATINA CIMAN<\/td>\n<td>VOJNE NISO RE\u0160ITEV<\/td>\n<\/tr>\n<tr>\n<td>\u017dIGA KORENT<\/td>\n<td>VEDNO BLI\u017dJE<\/td>\n<\/tr>\n<\/tbody>\n<\/table>\n<p>\n<\/div><\/div><\/div><\/div><\/div><\/section><\/p>\n","protected":false},"excerpt":{"rendered":"<p>EX-TEMPORE PIRAN 2025:\u00a060th INTERNATIONAL PAINTING EX-TEMPORE |\u00a0 30.08.2025\u20136.09.2025\u00a0|\u00a0 Exhibitions:\u00a0Civic Gallery Piran, 6.09.2025\u20137.12.2025 30.11.2025 (due to the new layout, the exhibition will end on November 30, 2025) |\u00a0Monfort Gallery, Portoro\u017e, 6.09.2025\u20132.11.2025 |\u00a0 Award Ceremony:\u00a0Tartini Square, Piran, Saturday, 6.09.2025, at 8.30 pm.<\/p>\n","protected":false},"author":4,"featured_media":24949,"comment_status":"closed","ping_status":"closed","sticky":false,"template":"","format":"standard","meta":{"footnotes":""},"categories":[98,79,47],"tags":[],"class_list":["post-24957","post","type-post","status-publish","format-standard","has-post-thumbnail","hentry","category-events","category-exhibitions","category-news"],"acf":[],"_links":{"self":[{"href":"https:\/\/www.obalne-galerije.si\/en\/wp-json\/wp\/v2\/posts\/24957","targetHints":{"allow":["GET"]}}],"collection":[{"href":"https:\/\/www.obalne-galerije.si\/en\/wp-json\/wp\/v2\/posts"}],"about":[{"href":"https:\/\/www.obalne-galerije.si\/en\/wp-json\/wp\/v2\/types\/post"}],"author":[{"embeddable":true,"href":"https:\/\/www.obalne-galerije.si\/en\/wp-json\/wp\/v2\/users\/4"}],"replies":[{"embeddable":true,"href":"https:\/\/www.obalne-galerije.si\/en\/wp-json\/wp\/v2\/comments?post=24957"}],"version-history":[{"count":5,"href":"https:\/\/www.obalne-galerije.si\/en\/wp-json\/wp\/v2\/posts\/24957\/revisions"}],"predecessor-version":[{"id":26511,"href":"https:\/\/www.obalne-galerije.si\/en\/wp-json\/wp\/v2\/posts\/24957\/revisions\/26511"}],"wp:featuredmedia":[{"embeddable":true,"href":"https:\/\/www.obalne-galerije.si\/en\/wp-json\/wp\/v2\/media\/24949"}],"wp:attachment":[{"href":"https:\/\/www.obalne-galerije.si\/en\/wp-json\/wp\/v2\/media?parent=24957"}],"wp:term":[{"taxonomy":"category","embeddable":true,"href":"https:\/\/www.obalne-galerije.si\/en\/wp-json\/wp\/v2\/categories?post=24957"},{"taxonomy":"post_tag","embeddable":true,"href":"https:\/\/www.obalne-galerije.si\/en\/wp-json\/wp\/v2\/tags?post=24957"}],"curies":[{"name":"wp","href":"https:\/\/api.w.org\/{rel}","templated":true}]}}