{"id":24141,"date":"2025-04-21T14:12:00","date_gmt":"2025-04-21T12:12:00","guid":{"rendered":"https:\/\/www.obalne-galerije.si\/?p=24141"},"modified":"2025-12-01T21:53:19","modified_gmt":"2025-12-01T20:53:19","slug":"breaking-the-circuit-of-control-field-research-in-brazil","status":"publish","type":"post","link":"https:\/\/www.obalne-galerije.si\/en\/breaking-the-circuit-of-control-field-research-in-brazil\/","title":{"rendered":"BREAKING THE CIRCUIT OF CONTROL &#8211; FIELD RESEARCH IN BRAZIL"},"content":{"rendered":"<p><section class=\"kc-elm kc-css-470284 kc_row\"><div class=\"kc-row-container  kc-container\"><div class=\"kc-wrap-columns\"><div class=\"kc-elm kc-css-339016 kc_col-sm-12 kc_column kc_col-sm-12\"><div class=\"kc-col-container\"><\/div><\/div><\/div><\/div><\/section><section class=\"kc-elm kc-css-508032 kc_row\"><div class=\"kc-row-container  kc-container\"><div class=\"kc-wrap-columns\"><div class=\"kc-elm kc-css-447811 kc_col-sm-6 kc_column kc_col-sm-6\"><div class=\"kc-col-container\"><div class=\"kc-elm kc-css-81509 kc_text_block\"><\/p>\n<p><b>Breaking the Circuit of Control &#8211;\u00a0<\/b><b><br \/><\/b><b>Field Research in Brazil | <\/b><b>April 20 \u2013 May 26, 2025 |\u00a0<\/b><\/p>\n<p><span style=\"font-weight: 400;\">MAC USP (Museum of Contemporary Art of the University of S\u00e3o Paulo), Teatro de Cultura Art\u00edstica, S\u00e3o Paulo Biennial Archive, Instituto Sedes Sapientiae, Juqueri Complex, Os\u00f3rio C\u00e9sar Art Museum, Bispo do Ros\u00e1rio Museum, Polo Experimental, Museu de Imagens do Inconsciente, Hospital Col\u00f4nia de Barbacena, Museu da Loucura (Museum of Madness).<\/span><\/p>\n<p><!--more--><\/p>\n<p>\n<\/div><div class=\"kc-elm kc-css-518319 kc_shortcode kc_single_image\">\n\n        <img decoding=\"async\" src=\"https:\/\/www.obalne-galerije.si\/wp-content\/uploads\/2024\/07\/italian-council-2024-grafica1.jpg\" class=\"\" alt=\"\" \/>    <\/div>\n<div class=\"kc-elm kc-css-238044 kc_shortcode kc_single_image\">\n\n        <img decoding=\"async\" src=\"https:\/\/www.obalne-galerije.si\/wp-content\/uploads\/2025\/04\/IMG_5252-scaled.jpg\" class=\"\" alt=\"\" \/>    <\/div>\n<div class=\"kc-elm kc-css-794978 kc_shortcode kc_single_image\">\n\n        <img decoding=\"async\" src=\"https:\/\/www.obalne-galerije.si\/wp-content\/uploads\/2025\/04\/2a3d8fa0-4d28-4984-9af9-1874f10dbdb2.jpg\" class=\"\" alt=\"\" \/>    <\/div>\n<div class=\"kc-elm kc-css-754413 kc_text_block\"><\/p>\n<p><em>MAC USP (Museum of Contemporary Art of the University of S\u00e3o Paulo)<\/em><\/p>\n<p>\n<\/div><div class=\"kc-elm kc-css-221686 kc_shortcode kc_single_image\">\n\n        <img decoding=\"async\" src=\"https:\/\/www.obalne-galerije.si\/wp-content\/uploads\/2025\/04\/IMG_5452-scaled.jpg\" class=\"\" alt=\"\" \/>    <\/div>\n<div class=\"kc-elm kc-css-619570 kc_text_block\"><\/p>\n<p><em>Museum of Images of the Unconscious (Museu de Imagens do Inconsciente)<\/em><\/p>\n<p>\n<\/div><div class=\"kc-elm kc-css-232767\" style=\"height: 20px; clear: both; width:100%;\"><\/div><\/div><\/div><div class=\"kc-elm kc-css-722180 kc_col-sm-6 kc_column kc_col-sm-6\"><div class=\"kc-col-container\"><div class=\"kc-elm kc-css-969629 kc_text_block\"><\/p>\n<p><span style=\"font-style: inherit; font-family: -apple-system, BlinkMacSystemFont, \" segoe=\"\" ui\",=\"\" roboto,=\"\" oxygen-sans,=\"\" ubuntu,=\"\" cantarell,=\"\" \"helvetica=\"\" neue\",=\"\" sans-serif;\"=\"\">From April 20 to May 26, artist Francesco Bertocco and curators Mariagrazia Muscatello and Gabi Scardi will travel through Brazil on a research and production journey as part of the international art project <\/span><i style=\"font-family: -apple-system, BlinkMacSystemFont, \" segoe=\"\" ui\",=\"\" roboto,=\"\" oxygen-sans,=\"\" ubuntu,=\"\" cantarell,=\"\" \"helvetica=\"\" neue\",=\"\" sans-serif;\"=\"\">Breaking the Circuit of Control<\/i><span style=\"font-style: inherit; font-family: -apple-system, BlinkMacSystemFont, \" segoe=\"\" ui\",=\"\" roboto,=\"\" oxygen-sans,=\"\" ubuntu,=\"\" cantarell,=\"\" \"helvetica=\"\" neue\",=\"\" sans-serif;\"=\"\">, which will unfold throughout 2025. The project investigates the legacy of Italian psychiatrist Franco Basaglia and his influence on contemporary understandings of psychiatry, institutional critique, and the role of visual culture in relation to manipulation of individuals and the reconstruction of collective memory.<\/span><\/p>\n<p><span style=\"font-weight: 400;\">Fieldwork, filming, and archival research will take place in S\u00e3o Paulo, Rio de Janeiro, and Barbacena, focusing on key institutions, historical sites, and individuals linked to the history and social relevance of psychiatric reform.<\/span><\/p>\n<p><span style=\"font-weight: 400;\">The team will be in S\u00e3o Paulo from April 22 to May 10, 2025, and will visit:<\/span><\/p>\n<ul>\n<li style=\"font-weight: 400;\" aria-level=\"1\"><b>MAC USP (Museum of Contemporary Art of the University of S\u00e3o Paulo)<\/b><span style=\"font-weight: 400;\"> for the project presentation and <\/span><b>a public conference on April 24<\/b><span style=\"font-weight: 400;\">, followed by research activities.<\/span><\/li>\n<li style=\"font-weight: 400;\" aria-level=\"1\"><b>Teatro de Cultura Art\u00edstica<\/b><span style=\"font-weight: 400;\">, one of the venues where Basaglia gave public lectures in 1979, <\/span><b>on April 25.<\/b><\/li>\n<li style=\"font-weight: 400;\" aria-level=\"1\"><b>S\u00e3o Paulo Biennial Archive<\/b><span style=\"font-weight: 400;\">, for research <\/span><b>on April 22.<\/b><\/li>\n<li style=\"font-weight: 400;\" aria-level=\"1\"><b>Instituto Sedes Sapientiae<\/b><span style=\"font-weight: 400;\">, a key center for mental health discourse, <\/span><b>on May 5.<\/b><\/li>\n<li style=\"font-weight: 400;\" aria-level=\"1\"><b>Juqueri Complex and the Os\u00f3rio C\u00e9sar Art Museum<\/b><span style=\"font-weight: 400;\">, former psychiatric institutions visited by Basaglia himself, <\/span><b>on May 6.<\/b><\/li>\n<\/ul>\n<p><span style=\"font-weight: 400;\">In <\/span><b>Rio de Janeiro<\/b><span style=\"font-weight: 400;\">, the following events will take place:<\/span><\/p>\n<ul>\n<li style=\"font-weight: 400;\" aria-level=\"1\"><b>Bispo do Ros\u00e1rio Museum<\/b><span style=\"font-weight: 400;\"> and <\/span><b>Polo Experimental<\/b><span style=\"font-weight: 400;\">, located in the former Col\u00f4nia Juliano Moreira, for research and photography <\/span><b>on April 29.<\/b><\/li>\n<li style=\"font-weight: 400;\" aria-level=\"1\"><b>Museum of Images of the Unconscious<\/b><span style=\"font-weight: 400;\">, founded by Nise da Silveira and crucial to rethinking psychiatric treatment through art, for research and photography <\/span><b>on April 30.<\/b><\/li>\n<\/ul>\n<p><span style=\"font-weight: 400;\">The journey continues to <\/span><b>Barbacena (Minas Gerais)<\/b> <b>on May 2 and 3<\/b><span style=\"font-weight: 400;\">, where the team will visit the <\/span><b>Hospital Col\u00f4nia de Barbacena<\/b><span style=\"font-weight: 400;\"> and the <\/span><b>Museum of Madness (Museu da Loucura)<\/b><span style=\"font-weight: 400;\"> to document one of the most painful legacies of psychiatric institutionalization in Brazil.<\/span><\/p>\n<p><span style=\"font-weight: 400;\">Throughout the trip, the team will collect photographic and video materials, conduct interviews, and reflect on the intersections between the history of psychiatry, spatial politics, and resistance movements that shaped new approaches to care and dignity.<\/span><\/p>\n<p><b>A photographic journal of the research trip will be regularly updated on our website and social media\u2014follow the team as we wish them a successful mission in Brazil!<\/b><\/p>\n<\/p>\n<p>\n<\/div>\n<div class=\"kc-elm kc-css-513071 divider_line\">\n\t<div class=\"divider_inner divider_line1\">\n\t\t\t<\/div>\n<\/div>\n<div class=\"kc-elm kc-css-630604 kc_text_block\"><\/p>\n<h4><b style=\"font-style: inherit; font-family: -apple-system, BlinkMacSystemFont, &#039;Segoe UI&#039;, Roboto, Oxygen-Sans, Ubuntu, Cantarell, &#039;Helvetica Neue&#039;, sans-serif;\">MORE ABOUT THE PROJECT<\/b><\/h4>\n<p><span style=\"font-weight: 400;\"><br \/><\/span><b>Obalne galerije Piran<\/b><span style=\"font-weight: 400;\">, which leads the project, was awarded the prestigious <\/span><b>Italian Council Award 2024<\/b><span style=\"font-weight: 400;\">, granted by Italy\u2019s Ministry of Culture through its international open call program for creative projects.<\/span><b><br \/><\/b><span style=\"font-weight: 400;\"><br \/><\/span><i><span style=\"font-weight: 400;\">Breaking the Circuit of Control <\/span><\/i><span style=\"font-weight: 400;\">by Francesco Bertocco is a project presented by Obalne Galerije Piran under the direction of Mara Ambro\u017ei\u010d Verderber, who also curates the exhibition alongside Gabi Scardi and Mariagrazia Muscatello.<\/span> <span style=\"font-weight: 400;\">The project has been made possible through collaborations with numerous institutions, which Obalne galerije Piran (Coastal Galleries Piran) successfully partnered in the past years.<\/span><\/p>\n<p><b>International partners<\/b><span style=\"font-weight: 400;\"> of the project include: <\/span><b>MART \u2013 Museum of Modern and Contemporary Art of Trento and Rovereto, Museum of Contemporary Art of the University of S\u00e3o Paulo<\/b><span style=\"font-weight: 400;\">, <\/span><b>University of Paris 8, Paris, <\/b><span style=\"font-weight: 400;\">\u00a0<\/span><b>NITJA Center for Contemporary Art (Norway)<\/b><span style=\"font-weight: 400;\">, <\/span><b>ICA Milano Foundation, Academy of Visual Arts in Gda\u0144sk and others.<\/b><\/p>\n<p><span style=\"font-weight: 400;\">An exhibition featuring the photography and video work of artist Francesco Bertocco will be <\/span><b>on view in the fall at<\/b> <b>Lo\u017ea Gallery in Koper<\/b><span style=\"font-weight: 400;\">. In addition to presentations across Europe, the project will include various stops in Slovenia, where public screenings, discussions, and debates on the project\u2019s themes will be organized in collaboration with key national institutions.<\/span><\/p>\n<p>\n<\/div>\n<div class=\"kc-elm kc-css-351675 divider_line\">\n\t<div class=\"divider_inner divider_line1\">\n\t\t\t<\/div>\n<\/div>\n<div class=\"kc-elm kc-css-592970 kc_text_block\"><\/p>\n<h4><b>CONTENT PRESENTATION<\/b><\/h4>\n<\/p>\n<p><i><span style=\"font-weight: 400;\"><br \/><\/span><\/i><\/p>\n<p><i><span style=\"font-weight: 400;\">Breaking the Circuit of Control<\/span><\/i><span style=\"font-weight: 400;\"> is a project by artist Francesco Bertocco, known for his research on the history of medicine and therapeutic practices. The work focuses on Franco Basaglia, the influential Italian psychiatrist and reformer whose radical ideas challenged institutional psychiatry. Basaglia\u2019s critique of coercive treatments and the notion of psychiatric \u201cdangerousness\u201d helped ignite a global anti-institutional movement that redefined mental health care.<\/span><\/p>\n<p><span style=\"font-weight: 400;\">Bertocco\u2019s project centers on Basaglia\u2019s 1979 journey to Brazil, particularly his visit to Juqueri, once one of the world\u2019s largest psychiatric hospitals. Located fifty kilometers from S\u00e3o Paulo, Juqueri housed up to 100,000 patients between 1918 and 1990. Though now closed, the institution was fully active when Basaglia visited. His trip also included stops at the Col\u00f4nia Hospital in Barbacena, the Instituto Sedes Sapientiae, the Teatro de Cultura Art\u00edstica in S\u00e3o Paulo, and the University Hospital in Belo Horizonte. During this tour, he met with leading figures in Brazilian psychiatry and delivered a series of influential lectures.<\/span><\/p>\n<p><span style=\"font-weight: 400;\">These lectures were later published in <\/span><i><span style=\"font-weight: 400;\">Brazilian Conferences<\/span><\/i><span style=\"font-weight: 400;\">, a work that captures both the urgency and the humanist passion of Basaglia\u2019s thought. His visit to Brazil was partly inspired by the powerful pen-and-ink portraits of Juqueri patients created in the early 1950s by Italian artist and designer Roberto Sambonet. These haunting images had a profound effect on Basaglia, symbolizing the violence of institutional marginalization.<\/span><\/p>\n<p><span style=\"font-weight: 400;\">Even before this journey, Basaglia had been deeply influenced by Latin American thinkers such as Paulo Freire, author of <\/span><i><span style=\"font-weight: 400;\">Pedagogy of the Oppressed<\/span><\/i><span style=\"font-weight: 400;\">. He aligned himself with the region\u2019s broader emancipatory movements, including public protests against authoritarian regimes\u2014among them the 1974 Venice Biennale demonstration in solidarity with Chile, in which he participated.<\/span><\/p>\n<p><span style=\"font-weight: 400;\">Bertocco\u2019s project revisits Basaglia\u2019s Brazilian journey through photography and video installation. By documenting Juqueri and staging scenes that evoke Basaglia\u2019s methods, the work explores themes central to his legacy: the perception and treatment of mental illness, the architecture of total institutions, and the role of infrastructure in shaping systems of control. It also reflects on the concept of confinement as a mechanism for excluding those deemed abnormal or dangerous. The spatial isolation of Juqueri\u2014closer to the forest than the city\u2014epitomizes this logic of exclusion.<\/span><\/p>\n<p><i><span style=\"font-weight: 400;\">Breaking the Circuit of Control<\/span><\/i><span style=\"font-weight: 400;\"> draws on the involvement of several Brazilian institutions engaged in ongoing debates around psychiatry and collective memory. Through a lens that intertwines past and present, Bertocco revisits a pivotal moment of cross-continental dialogue and critical resistance, honoring Basaglia\u2019s belief that real change is possible.<\/span><\/p>\n<p><span style=\"font-weight: 400;\">Content by: Gabi Scardi, Mara Ambro\u017ei\u010d Verderber, Mariagrazia Muscatello.<\/span><\/p>\n<p>\n<\/div><\/div><\/div><\/div><\/div><\/section><\/p>\n","protected":false},"excerpt":{"rendered":"<p>Breaking the Circuit of Control &#8211;\u00a0Field Research in Brazil | April 20 \u2013 May 26, 2025 |\u00a0 MAC USP (Museum of Contemporary Art of the University of S\u00e3o Paulo), Teatro de Cultura Art\u00edstica, S\u00e3o Paulo Biennial Archive, Instituto Sedes Sapientiae, Juqueri Complex, Os\u00f3rio C\u00e9sar Art Museum, Bispo do Ros\u00e1rio Museum, Polo Experimental, Museu de Imagens<\/p>\n","protected":false},"author":4,"featured_media":21605,"comment_status":"closed","ping_status":"closed","sticky":false,"template":"","format":"standard","meta":{"footnotes":""},"categories":[98,79,47],"tags":[],"class_list":["post-24141","post","type-post","status-publish","format-standard","has-post-thumbnail","hentry","category-events","category-exhibitions","category-news"],"acf":[],"_links":{"self":[{"href":"https:\/\/www.obalne-galerije.si\/en\/wp-json\/wp\/v2\/posts\/24141","targetHints":{"allow":["GET"]}}],"collection":[{"href":"https:\/\/www.obalne-galerije.si\/en\/wp-json\/wp\/v2\/posts"}],"about":[{"href":"https:\/\/www.obalne-galerije.si\/en\/wp-json\/wp\/v2\/types\/post"}],"author":[{"embeddable":true,"href":"https:\/\/www.obalne-galerije.si\/en\/wp-json\/wp\/v2\/users\/4"}],"replies":[{"embeddable":true,"href":"https:\/\/www.obalne-galerije.si\/en\/wp-json\/wp\/v2\/comments?post=24141"}],"version-history":[{"count":5,"href":"https:\/\/www.obalne-galerije.si\/en\/wp-json\/wp\/v2\/posts\/24141\/revisions"}],"predecessor-version":[{"id":26537,"href":"https:\/\/www.obalne-galerije.si\/en\/wp-json\/wp\/v2\/posts\/24141\/revisions\/26537"}],"wp:featuredmedia":[{"embeddable":true,"href":"https:\/\/www.obalne-galerije.si\/en\/wp-json\/wp\/v2\/media\/21605"}],"wp:attachment":[{"href":"https:\/\/www.obalne-galerije.si\/en\/wp-json\/wp\/v2\/media?parent=24141"}],"wp:term":[{"taxonomy":"category","embeddable":true,"href":"https:\/\/www.obalne-galerije.si\/en\/wp-json\/wp\/v2\/categories?post=24141"},{"taxonomy":"post_tag","embeddable":true,"href":"https:\/\/www.obalne-galerije.si\/en\/wp-json\/wp\/v2\/tags?post=24141"}],"curies":[{"name":"wp","href":"https:\/\/api.w.org\/{rel}","templated":true}]}}