{"id":24000,"date":"2025-03-15T15:06:29","date_gmt":"2025-03-15T14:06:29","guid":{"rendered":"https:\/\/www.obalne-galerije.si\/?p=24000"},"modified":"2025-03-24T15:09:34","modified_gmt":"2025-03-24T14:09:34","slug":"paintresses-from-the-littoral-meeting-and-publication-presentation","status":"publish","type":"post","link":"https:\/\/www.obalne-galerije.si\/en\/paintresses-from-the-littoral-meeting-and-publication-presentation\/","title":{"rendered":"PAINTRESSES FROM THE LITTORAL: meeting with artists and presentation of the publication"},"content":{"rendered":"<p><section class=\"kc-elm kc-css-625449 kc_row\"><div class=\"kc-row-container  kc-container\"><div class=\"kc-wrap-columns\"><div class=\"kc-elm kc-css-288757 kc_col-sm-12 kc_column kc_col-sm-12\"><div class=\"kc-col-container\"><\/div><\/div><\/div><\/div><\/section><section class=\"kc-elm kc-css-322051 kc_row\"><div class=\"kc-row-container  kc-container\"><div class=\"kc-wrap-columns\"><div class=\"kc-elm kc-css-343042 kc_col-sm-6 kc_column kc_col-sm-6\"><div class=\"kc-col-container\"><div class=\"kc-elm kc-css-511686 kc_text_block\"><\/p>\n<p><strong>PAINTRESSES FROM THE LITTORAL FROM THE COLLECTIONS OF PIRAN COASTAL GALLERIES: <\/strong><br \/><strong>meeting with the painters and presentation of the publication |\u00a0<\/strong><\/p>\n<p><strong>Meduza Gallery, Koper &#8211; Saturday, 22 March 2025, 11 a.m.<\/strong><\/p>\n<p><!--more--><\/p>\n<\/p>\n<p>\n<\/div><div class=\"kc-elm kc-css-388431 kc_shortcode kc_single_image\">\n\n        <img decoding=\"async\" src=\"https:\/\/www.obalne-galerije.si\/wp-content\/uploads\/2025\/01\/IMG_1526-scaled.jpg\" class=\"\" alt=\"\" \/>    <\/div>\n<div class=\"kc-elm kc-css-769047\" style=\"height: 20px; clear: both; width:100%;\"><\/div><\/div><\/div><div class=\"kc-elm kc-css-536842 kc_col-sm-6 kc_column kc_col-sm-6\"><div class=\"kc-col-container\"><div class=\"kc-elm kc-css-552284 kc_text_block\"><\/p>\n<p><span style=\"\" segoe=\"\" ui\",=\"\" roboto,=\"\" oxygen-sans,=\"\" ubuntu,=\"\" cantarell,=\"\" \"helvetica=\"\" neue\",=\"\" sans-serif;\"=\"\"><span style=\"font-style: inherit;\">At the Meduza Gallery in Koper, where the group exhibition <\/span><b style=\"\"><i>Paintresses From the Littoral from the Collections of the Piran Coastal Galleries<\/i><\/b><span style=\"font-style: inherit;\"> is being held, we are organising a meeting with the artists and a presentation of the publication accompanying the exhibition.&nbsp;<\/span><\/span><\/p>\n<p><span style=\"\" segoe=\"\" ui\",=\"\" roboto,=\"\" oxygen-sans,=\"\" ubuntu,=\"\" cantarell,=\"\" \"helvetica=\"\" neue\",=\"\" sans-serif;\"=\"\"><span style=\"font-style: inherit;\">Seven selected women painters &#8211; <b>Mira Li\u010den, Majda Skrinar, Fulvia Grbac, Beti Bricelj, Joni Zakonj\u0161ek, Lara Jeranko Marconi and Ira Niero Maru\u0161i\u010d<\/b> &#8211; are presented with works of art accompanied by critical writings by various authors.&nbsp;<\/span><\/span><\/p>\n<p><span style=\"\" segoe=\"\" ui\",=\"\" roboto,=\"\" oxygen-sans,=\"\" ubuntu,=\"\" cantarell,=\"\" \"helvetica=\"\" neue\",=\"\" sans-serif;\"=\"\"><span style=\"font-style: inherit;\">The text in the leaflet with the reproductions is by curator <b>Tatjana Sirk<\/b>. You are invited to a relaxed conversation about art, which will be joined by <b>Dr Andrej Medved<\/b>, the former artistic director of the Coastal Galleries.<\/span><\/span><\/p>\n<p>\n<\/div><\/div><\/div><\/div><\/div><\/section><\/p>\n","protected":false},"excerpt":{"rendered":"<p>PAINTRESSES FROM THE LITTORAL FROM THE COLLECTIONS OF PIRAN COASTAL GALLERIES: meeting with the painters and presentation of the publication |\u00a0 Meduza Gallery, Koper &#8211; Saturday, 22 March 2025, 11 a.m.<\/p>\n","protected":false},"author":4,"featured_media":23993,"comment_status":"closed","ping_status":"closed","sticky":false,"template":"","format":"standard","meta":{"footnotes":""},"categories":[98,47],"tags":[],"class_list":["post-24000","post","type-post","status-publish","format-standard","has-post-thumbnail","hentry","category-events","category-news"],"acf":[],"_links":{"self":[{"href":"https:\/\/www.obalne-galerije.si\/en\/wp-json\/wp\/v2\/posts\/24000","targetHints":{"allow":["GET"]}}],"collection":[{"href":"https:\/\/www.obalne-galerije.si\/en\/wp-json\/wp\/v2\/posts"}],"about":[{"href":"https:\/\/www.obalne-galerije.si\/en\/wp-json\/wp\/v2\/types\/post"}],"author":[{"embeddable":true,"href":"https:\/\/www.obalne-galerije.si\/en\/wp-json\/wp\/v2\/users\/4"}],"replies":[{"embeddable":true,"href":"https:\/\/www.obalne-galerije.si\/en\/wp-json\/wp\/v2\/comments?post=24000"}],"version-history":[{"count":3,"href":"https:\/\/www.obalne-galerije.si\/en\/wp-json\/wp\/v2\/posts\/24000\/revisions"}],"predecessor-version":[{"id":24004,"href":"https:\/\/www.obalne-galerije.si\/en\/wp-json\/wp\/v2\/posts\/24000\/revisions\/24004"}],"wp:featuredmedia":[{"embeddable":true,"href":"https:\/\/www.obalne-galerije.si\/en\/wp-json\/wp\/v2\/media\/23993"}],"wp:attachment":[{"href":"https:\/\/www.obalne-galerije.si\/en\/wp-json\/wp\/v2\/media?parent=24000"}],"wp:term":[{"taxonomy":"category","embeddable":true,"href":"https:\/\/www.obalne-galerije.si\/en\/wp-json\/wp\/v2\/categories?post=24000"},{"taxonomy":"post_tag","embeddable":true,"href":"https:\/\/www.obalne-galerije.si\/en\/wp-json\/wp\/v2\/tags?post=24000"}],"curies":[{"name":"wp","href":"https:\/\/api.w.org\/{rel}","templated":true}]}}