{"id":23830,"date":"2025-03-06T16:43:41","date_gmt":"2025-03-06T15:43:41","guid":{"rendered":"https:\/\/www.obalne-galerije.si\/?p=23830"},"modified":"2025-04-30T19:29:29","modified_gmt":"2025-04-30T17:29:29","slug":"bojan-mijatovic-animals-and-friends","status":"publish","type":"post","link":"https:\/\/www.obalne-galerije.si\/en\/bojan-mijatovic-animals-and-friends\/","title":{"rendered":"BOJAN MIJATOVI\u0106: ANIMALS AND FRIENDS"},"content":{"rendered":"<p><section class=\"kc-elm kc-css-610493 kc_row\"><div class=\"kc-row-container  kc-container\"><div class=\"kc-wrap-columns\"><div class=\"kc-elm kc-css-990260 kc_col-sm-12 kc_column kc_col-sm-12\"><div class=\"kc-col-container\"><\/div><\/div><\/div><\/div><\/section><section class=\"kc-elm kc-css-340489 kc_row\"><div class=\"kc-row-container  kc-container\"><div class=\"kc-wrap-columns\"><div class=\"kc-elm kc-css-354612 kc_col-sm-6 kc_column kc_col-sm-6\"><div class=\"kc-col-container\"><div class=\"kc-elm kc-css-816064 kc_text_block\"><\/p>\n<p><strong>Bojan Mijatovi\u0107: Animals and Friends |\u00a0<\/strong><br \/><strong>photos, drawings &#038; objects &#8211;\u00a0<\/strong><\/p>\n<p><strong>Meduza Gallery, Koper, 25.04.25-7.06.2025;\u00a0<\/strong><br \/><strong>opening: Friday 25. 4. 2025 at 7 pm |\u00a0<\/strong><\/p>\n<p><strong>Curated by: Majda Bo\u017eeglav Japelj<\/strong><\/p>\n<p><!--more--><\/p>\n<p>\n<\/div><div class=\"kc-elm kc-css-919112 kc_shortcode kc_single_image\">\n\n        <img decoding=\"async\" src=\"https:\/\/www.obalne-galerije.si\/wp-content\/uploads\/2025\/03\/Krava_naslovnica_645-scaled.jpg\" class=\"\" alt=\"\" \/>    <\/div>\n<div class=\"kc-elm kc-css-965176 kc_shortcode kc_single_image\">\n\n        <img decoding=\"async\" src=\"https:\/\/www.obalne-galerije.si\/wp-content\/uploads\/2025\/03\/Konj_naslovnica_645-scaled.jpg\" class=\"\" alt=\"\" \/>    <\/div>\n<div class=\"kc-elm kc-css-177826\" style=\"height: 20px; clear: both; width:100%;\"><\/div><\/div><\/div><div class=\"kc-elm kc-css-245177 kc_col-sm-6 kc_column kc_col-sm-6\"><div class=\"kc-col-container\"><div class=\"kc-elm kc-css-506757 kc_text_block\"><\/p>\n<p><b>Bojan Mijatovi\u0107 <\/b><span style=\"font-weight: 400;\">(Ljubljana, 1989), a representative of the younger generation of Slovenian visual artists, graduated in 2014 with a degree in photography from the Faculty of Applied Sciences (VIST) in Ljubljana. In 2023, he completed a master&#039;s degree in painting at the Academy of Fine Arts and Design at the same institution. He has presented his work in numerous group and solo exhibitions, among which it is worth highlighting +MSUM; Der-die-das Garage \/ Gara\u017ea; Gallery Nighttime Display Pe\u0161ak\u00a0 (Galerija No\u010dna izlo\u017eba Pe\u0161ak) in Ljubljana and the Creative Quarter (Kreativna \u010detrt) in Kamnik. In this latter venue, he exhibited his popular series\u00a0<\/span><i><span style=\"font-weight: 400;\">Animals and Friends <\/span><\/i><span style=\"font-weight: 400;\">(\u017divali in prijatelji), which he now presents in a completely fresh, updated version at the Meduza Gallery in Koper.<\/span><\/p>\n<p><span style=\"font-weight: 400;\">The depiction of animals is as old as painting and visual art itself. From prehistoric cave paintings in Spain\u2019s Altamira or France\u2019s Lascaux to the latest creations, images of animals have reflected the times, ways of life, and humanity\u2019s view of the world. The featuring of animals in other motifs (portraits, genre scenes, landscapes&#8230;) was interesting not only as an appealing addition, but also because the animal body\u2014wild and untamed\u2014offered a broader range of artistic expression compared to the human form.<\/span><\/p>\n<p><span style=\"font-weight: 400;\">Animal figures often captured entirely human characteristics, which further enhanced the expressive power of the images and preserved the appeal of this approach for contemporary artists. Animal imagery often features in Bojan Mijatovi\u0107\u2019s artistic practice. For him, it serves as a source of inspiration and experimentation for new and diverse public installations.<\/span><\/p>\n<p><span style=\"font-weight: 400;\">With the umbrella title <\/span><i><span style=\"font-weight: 400;\">Animals and Friends<\/span><\/i><span style=\"font-weight: 400;\">, the artist already invites a reflection on different aspects of the human-animal relationship. Its starting point may be the saying that an animal is a man\u2019s best friend\u2014and vice versa. Undoubtedly, this is a play of multi-layered meanings and metaphors. These can be simple, when the author \u201cpaints\u201d animal figures with straightforward clarity, or enigmatic, when placing them in temporally and spatially undefined, surreal dimensions.<\/span><\/p>\n<p><span style=\"font-weight: 400;\">Playfulness, manipulation with painting and drawing techniques, as well as methods of reproducing, cutting, and recomposing older works into new meaningful frameworks, form a refined modus operandi through which he tests and upgrades his own aesthetic and conceptual foundations. All this in the spirit of the avant-garde movements that, in recent history, crossed the boundaries of traditional art through extravagant, humorous, satirical, and free expression.<\/span><\/p>\n<p><span style=\"font-weight: 400;\">These particularities manifest in his work through certain formal similarities, the inclusion of real objects, and their vivid representation. He captivates the viewer not only with the imagery but also with simple, perhaps even banal and obvious titles. Also notable are his clever wordplays (<\/span><i><span style=\"font-weight: 400;\">Freedom Fighter <\/span><\/i><span style=\"font-weight: 400;\">\/ <\/span><i><span style=\"font-weight: 400;\">Borec za svobodo<\/span><\/i><span style=\"font-weight: 400;\"> or\u00a0 <\/span><i><span style=\"font-weight: 400;\">Cow Experiment <\/span><\/i><span style=\"font-weight: 400;\">\/ <\/span><i><span style=\"font-weight: 400;\">Kravji eksperiment<\/span><\/i><span style=\"font-weight: 400;\">), which challenge the viewer\u2019s ability to understand the broader context of the work.<\/span><\/p>\n<p><span style=\"font-weight: 400;\">Perhaps the artist, in the role of the omnipotent creator, wishes to encourage a different perception of the world, our environment, and all living beings within it\u2014including humanity&#8230;<\/span><\/p>\n<p><b>Dr. Majda Bo\u017eeglav Japelj<\/b><\/p>\n<p>\n<\/div><\/div><\/div><\/div><\/div><\/section><\/p>\n","protected":false},"excerpt":{"rendered":"<p>Bojan Mijatovi\u0107: Animals and Friends |\u00a0photos, drawings &#038; objects &#8211;\u00a0 Meduza Gallery, Koper, 25.04.25-7.06.2025;\u00a0opening: Friday 25. 4. 2025 at 7 pm |\u00a0 Curated by: Majda Bo\u017eeglav Japelj<\/p>\n","protected":false},"author":4,"featured_media":23892,"comment_status":"closed","ping_status":"closed","sticky":false,"template":"","format":"standard","meta":{"footnotes":""},"categories":[79,37,47],"tags":[],"class_list":["post-23830","post","type-post","status-publish","format-standard","has-post-thumbnail","hentry","category-exhibitions","category-meduza-gallery","category-news"],"acf":[],"_links":{"self":[{"href":"https:\/\/www.obalne-galerije.si\/en\/wp-json\/wp\/v2\/posts\/23830","targetHints":{"allow":["GET"]}}],"collection":[{"href":"https:\/\/www.obalne-galerije.si\/en\/wp-json\/wp\/v2\/posts"}],"about":[{"href":"https:\/\/www.obalne-galerije.si\/en\/wp-json\/wp\/v2\/types\/post"}],"author":[{"embeddable":true,"href":"https:\/\/www.obalne-galerije.si\/en\/wp-json\/wp\/v2\/users\/4"}],"replies":[{"embeddable":true,"href":"https:\/\/www.obalne-galerije.si\/en\/wp-json\/wp\/v2\/comments?post=23830"}],"version-history":[{"count":4,"href":"https:\/\/www.obalne-galerije.si\/en\/wp-json\/wp\/v2\/posts\/23830\/revisions"}],"predecessor-version":[{"id":24256,"href":"https:\/\/www.obalne-galerije.si\/en\/wp-json\/wp\/v2\/posts\/23830\/revisions\/24256"}],"wp:featuredmedia":[{"embeddable":true,"href":"https:\/\/www.obalne-galerije.si\/en\/wp-json\/wp\/v2\/media\/23892"}],"wp:attachment":[{"href":"https:\/\/www.obalne-galerije.si\/en\/wp-json\/wp\/v2\/media?parent=23830"}],"wp:term":[{"taxonomy":"category","embeddable":true,"href":"https:\/\/www.obalne-galerije.si\/en\/wp-json\/wp\/v2\/categories?post=23830"},{"taxonomy":"post_tag","embeddable":true,"href":"https:\/\/www.obalne-galerije.si\/en\/wp-json\/wp\/v2\/tags?post=23830"}],"curies":[{"name":"wp","href":"https:\/\/api.w.org\/{rel}","templated":true}]}}