{"id":23736,"date":"2025-03-07T15:20:04","date_gmt":"2025-03-07T14:20:04","guid":{"rendered":"https:\/\/www.obalne-galerije.si\/?p=23736"},"modified":"2025-05-14T15:24:37","modified_gmt":"2025-05-14T13:24:37","slug":"interwined-open-doors-2024","status":"publish","type":"post","link":"https:\/\/www.obalne-galerije.si\/en\/interwined-open-doors-2024\/","title":{"rendered":"INTERWINED &#8211; Open Doors 2024"},"content":{"rendered":"<p><section class=\"kc-elm kc-css-642314 kc_row\"><div class=\"kc-row-container  kc-container\"><div class=\"kc-wrap-columns\"><div class=\"kc-elm kc-css-422037 kc_col-sm-12 kc_column kc_col-sm-12\"><div class=\"kc-col-container\"><\/div><\/div><\/div><\/div><\/section><section class=\"kc-elm kc-css-488486 kc_row\"><div class=\"kc-row-container  kc-container\"><div class=\"kc-wrap-columns\"><div class=\"kc-elm kc-css-974345 kc_col-sm-6 kc_column kc_col-sm-6\"><div class=\"kc-col-container\"><div class=\"kc-elm kc-css-458890 kc_text_block\"><\/p>\n<div><strong>INTERTWINED &#8211; OPEN DOORS 2024 |\u00a0<\/strong><\/div>\n<div>\u00a0<\/div>\n<div><strong>Monfort Gallery, Portoro\u017e, 4.04.25\u201425.05.25 |\u00a0<\/strong><\/div>\n<div><strong>Opening: Friday, 4.04.2025, at 19:00 &#8211; <\/strong><\/div>\n<div>\u00a0<\/div>\n<div><strong style=\"font-style: inherit; font-family: -apple-system, BlinkMacSystemFont, &#039;Segoe UI&#039;, Roboto, Oxygen-Sans, Ubuntu, Cantarell, &#039;Helvetica Neue&#039;, sans-serif;\">Curator: Stephanie Per\u0161i\u0107, Coordination: Ana Pape\u017e<\/strong><\/div>\n<p><!--more--><\/p>\n<div>\u00a0<\/div>\n<div>\n<\/div>\n<p>\n<\/div><div class=\"kc-elm kc-css-277925 kc_shortcode kc_single_image\">\n\n        <img decoding=\"async\" src=\"https:\/\/www.obalne-galerije.si\/wp-content\/uploads\/2025\/03\/Glorija-Blazinsek_-iz-ciklusa-Marocco-suoni-e-colori.jpg\" class=\"\" alt=\"\" \/>    <\/div>\n<div class=\"kc-elm kc-css-212991 kc_text_block\"><\/p>\n<p>Glorija Blazin\u0161ek, iz ciklusa Marocco (suoni e colori)<\/p>\n<p>\n<\/div><div class=\"kc-elm kc-css-376946\" style=\"height: 20px; clear: both; width:100%;\"><\/div><div class=\"kc-elm kc-css-351249 kc_shortcode kc_single_image\">\n\n        <img decoding=\"async\" src=\"https:\/\/www.obalne-galerije.si\/wp-content\/uploads\/2025\/03\/Eni-Blaskovic-foto-T.-Kanazir-scaled.jpg\" class=\"\" alt=\"\" \/>    <\/div>\n<div class=\"kc-elm kc-css-283003 kc_text_block\"><\/p>\n<p>Eni Bla\u0161kovi\u0107, foto T. Kanazir<\/p>\n<p>\n<\/div><div class=\"kc-elm kc-css-660045\" style=\"height: 20px; clear: both; width:100%;\"><\/div><div class=\"kc-elm kc-css-420154 kc_shortcode kc_single_image\">\n\n        <img decoding=\"async\" src=\"https:\/\/www.obalne-galerije.si\/wp-content\/uploads\/2025\/03\/Anja-Juricic_iz-ciklusa-Snapshot.jpg\" class=\"\" alt=\"\" \/>    <\/div>\n<div class=\"kc-elm kc-css-379136 kc_text_block\"><\/p>\n<p>Anja Juri\u010di\u0107, iz ciklusa Snapshot<\/p>\n<p>\n<\/div><div class=\"kc-elm kc-css-684320\" style=\"height: 20px; clear: both; width:100%;\"><\/div><\/div><\/div><div class=\"kc-elm kc-css-578686 kc_col-sm-6 kc_column kc_col-sm-6\"><div class=\"kc-col-container\"><div class=\"kc-elm kc-css-584064 kc_text_block\"><\/p>\n<p><span style=\"font-weight: 400;\">The Istrian Peninsula has historically been an area of intertwined, fragmented entities and diverse political-cultural influences. This identity, shaped by both shared and distinct characteristics, connects the entire territory, which is today politically divided between Italy, Slovenia, and Croatia. The historical marginalization of the Croatian part of Istria is also reflected in contemporary art, where young artists, despite their excellence and innovation, remain without proper recognition in a broader national and international context due to their engagement within the local scene. The exhibition opens a space for questioning the contemporary Istrian art scene through the lens of migration, identity, ecologicalissues, and the reinterpretation of tradition.<\/span><\/p>\n<p><span style=\"font-weight: 400;\">The selected artists from the Croatian part of Istria (<\/span><b>Alex Brajkovi\u0107, Eni Bla\u0161kovi\u0107, Glorija Blazin\u0161ek, Meri Files, Alison Iva\u0161i\u0107, Anja Juri\u010di\u0107, Gaia Radi\u0107, Gea Raji\u0107, Marina Raj\u0161i\u0107, Dora Ramljak, and Nina Turina<\/b><span style=\"font-weight: 400;\">) bring diverse approaches, media, techniques, and conceptual ideas, making the exhibition a space for dynamic dialogue between personal expression and shared cultural and social concerns. Through the selection of curators from the Piran Coastal Galleries, Slovenian artist <\/span><b>Karmen Bradovent <\/b><span style=\"font-weight: 400;\">joins the exhibition, fully embodying the concept of intertwining. By connecting artists with different expressive methods, <\/span><i><span style=\"font-weight: 400;\">Intertwined <\/span><\/i><span style=\"font-weight: 400;\">emphasizes the inseparable bond between space, culture, and art, proving that artistic expressions, despite geopolitical borders, remain part of a shared, interwoven reality.<\/span><\/p>\n<\/p>\n<p style=\"text-align: right;\"><span style=\"font-weight: 400;\"><br \/><\/span><\/p>\n<p style=\"text-align: right;\"><span style=\"font-weight: 400;\">Stephanie Per\u0161i\u0107<\/span><\/p>\n<p>\n<\/div><\/div><\/div><\/div><\/div><\/section><\/p>\n","protected":false},"excerpt":{"rendered":"<p>INTERTWINED &#8211; OPEN DOORS 2024 |\u00a0 \u00a0 Monfort Gallery, Portoro\u017e, 4.04.25\u201425.05.25 |\u00a0 Opening: Friday, 4.04.2025, at 19:00 &#8211; \u00a0 Curator: Stephanie Per\u0161i\u0107, Coordination: Ana Pape\u017e<\/p>\n","protected":false},"author":4,"featured_media":23870,"comment_status":"closed","ping_status":"closed","sticky":false,"template":"","format":"standard","meta":{"footnotes":""},"categories":[79,43,47],"tags":[],"class_list":["post-23736","post","type-post","status-publish","format-standard","has-post-thumbnail","hentry","category-exhibitions","category-monfort-gallery","category-news"],"acf":[],"_links":{"self":[{"href":"https:\/\/www.obalne-galerije.si\/en\/wp-json\/wp\/v2\/posts\/23736","targetHints":{"allow":["GET"]}}],"collection":[{"href":"https:\/\/www.obalne-galerije.si\/en\/wp-json\/wp\/v2\/posts"}],"about":[{"href":"https:\/\/www.obalne-galerije.si\/en\/wp-json\/wp\/v2\/types\/post"}],"author":[{"embeddable":true,"href":"https:\/\/www.obalne-galerije.si\/en\/wp-json\/wp\/v2\/users\/4"}],"replies":[{"embeddable":true,"href":"https:\/\/www.obalne-galerije.si\/en\/wp-json\/wp\/v2\/comments?post=23736"}],"version-history":[{"count":4,"href":"https:\/\/www.obalne-galerije.si\/en\/wp-json\/wp\/v2\/posts\/23736\/revisions"}],"predecessor-version":[{"id":24403,"href":"https:\/\/www.obalne-galerije.si\/en\/wp-json\/wp\/v2\/posts\/23736\/revisions\/24403"}],"wp:featuredmedia":[{"embeddable":true,"href":"https:\/\/www.obalne-galerije.si\/en\/wp-json\/wp\/v2\/media\/23870"}],"wp:attachment":[{"href":"https:\/\/www.obalne-galerije.si\/en\/wp-json\/wp\/v2\/media?parent=23736"}],"wp:term":[{"taxonomy":"category","embeddable":true,"href":"https:\/\/www.obalne-galerije.si\/en\/wp-json\/wp\/v2\/categories?post=23736"},{"taxonomy":"post_tag","embeddable":true,"href":"https:\/\/www.obalne-galerije.si\/en\/wp-json\/wp\/v2\/tags?post=23736"}],"curies":[{"name":"wp","href":"https:\/\/api.w.org\/{rel}","templated":true}]}}