{"id":21099,"date":"2024-06-10T16:06:45","date_gmt":"2024-06-10T14:06:45","guid":{"rendered":"https:\/\/www.obalne-galerije.si\/?p=21099"},"modified":"2024-11-18T19:19:50","modified_gmt":"2024-11-18T18:19:50","slug":"jasa-rekviem","status":"publish","type":"post","link":"https:\/\/www.obalne-galerije.si\/en\/jasa-rekviem\/","title":{"rendered":"JA\u0160A: REKVIEM"},"content":{"rendered":"<p><section class=\"kc-elm kc-css-65349 kc_row\"><div class=\"kc-row-container  kc-container\"><div class=\"kc-wrap-columns\"><div class=\"kc-elm kc-css-431576 kc_col-sm-12 kc_column kc_col-sm-12\"><div class=\"kc-col-container\"><\/div><\/div><\/div><\/div><\/section><section class=\"kc-elm kc-css-373629 kc_row\"><div class=\"kc-row-container  kc-container\"><div class=\"kc-wrap-columns\"><div class=\"kc-elm kc-css-632577 kc_col-sm-6 kc_column kc_col-sm-6\"><div class=\"kc-col-container\"><div class=\"kc-elm kc-css-78141 kc_text_block\"><\/p>\n<p><strong>JA\u0160A: REKVIEM |&nbsp;<\/strong><\/p>\n<p><strong>Site-specific spatial intervention, exhibition and performance, Tartini House, Piran |&nbsp;<\/strong><\/p>\n<p><strong>Opening event: June 22, 2024 |&nbsp;<\/strong><br \/><strong>Exhibition: June 22, 2024 \u2013 September 7, 2024&nbsp;<\/strong><\/p>\n<p><!--more--><\/p>\n<p>\n<\/div><div class=\"kc-elm kc-css-612076 kc_shortcode kc_single_image\">\n\n        <img decoding=\"async\" src=\"https:\/\/www.obalne-galerije.si\/wp-content\/uploads\/2024\/06\/Tavola-disegno-1.jpg\" class=\"\" alt=\"\" \/>    <\/div>\n<div class=\"kc-elm kc-css-334518 kc_shortcode kc_single_image\">\n\n        <img decoding=\"async\" src=\"https:\/\/www.obalne-galerije.si\/wp-content\/uploads\/2024\/05\/REKVIEM-foto.jpg\" class=\"\" alt=\"\" \/>    <\/div>\n<div class=\"kc-elm kc-css-922834 kc_text_block\"><\/p>\n<p><em>JA\u0160A, detail, production &#8211; work in progress, 2024. Photo: Tja\u0161a Gnezda<\/em><\/p>\n<p>\n<\/div><div class=\"kc-elm kc-css-95997\" style=\"height: 20px; clear: both; width:100%;\"><\/div><div class=\"kc-elm kc-css-916034 kc_text_block\"><\/p>\n<h2><b>JA\u0160A: REKVIEM<br \/><\/b><b style=\"font-style: inherit;\">Program of the opening event<\/b><\/h2>\n<p><b>\u00a0<\/b><span style=\"font-weight: 400;\">June 22, 2024, Tartini House, Piran<\/span><\/p>\n<p><span style=\"font-weight: 400;\">Free entry<\/span><\/p>\n<p><b>\u00a0<\/b><\/p>\n<p><b>12:00 \u2013 16:00 Opening of the exhibition<\/b><\/p>\n<p><span style=\"font-weight: 400;\">13:00 \u2013 14:00<\/span><span style=\"font-weight: 400;\"> Guided tour with curator Laura Rositani\u00a0<\/span><\/p>\n<p><span style=\"font-weight: 400;\">14:30 \u2013 15:30<\/span><span style=\"font-weight: 400;\"> Guided tour with curator Laura Rositani\u00a0<\/span><\/p>\n<p><span style=\"font-weight: 400;\">15:30 &#8211; 16:00<\/span><span style=\"font-weight: 400;\"> Bowrain: solo piano performance<\/span><\/p>\n<p><span style=\"font-weight: 400;\">\u00a0<\/span><\/p>\n<p><b>16:00 &#8211; 21:30 Performance<\/b><\/p>\n<p><span style=\"font-weight: 400;\">Available appointments at <\/span><span style=\"font-weight: 400;\">16:00, 17:30, 19:00, 20:30<\/span><\/p>\n<p><span style=\"font-weight: 400;\">Due to limited capacities, prior registration for the desired performance appointment is mandatory until its full seat capacity is reached at: <\/span><a href=\"mailto:info.casatartini@gmail.com\"><span style=\"font-weight: 400;\">info.casatartini@gmail.com<\/span><\/a><\/p>\n<p><span style=\"font-weight: 400;\">The performance lasts 1 hour.<\/span><\/p>\n<p>\n<\/div>\n<div class=\"kc-elm kc-css-253059 divider_line\">\n\t<div class=\"divider_inner divider_line1\">\n\t\t\t<\/div>\n<\/div>\n<div class=\"kc-elm kc-css-727240\" style=\"height: 20px; clear: both; width:100%;\"><\/div><\/div><\/div><div class=\"kc-elm kc-css-134431 kc_col-sm-6 kc_column kc_col-sm-6\"><div class=\"kc-col-container\"><div class=\"kc-elm kc-css-14957 kc_text_block\"><\/p>\n<p><em>The exhibition was awarded to the artist as part of the special 2023 Tartini Award at the 58th Ex-tempore Piran. The Award is being presented by the Giuseppe Tartini Italian Community.<\/em><\/p>\n<p>In collaboration with the Piran Self-Governing Community of Italian Nationals, Piran Coastal Galleries and the Ljubljana Puppet Theatre<\/p>\n<p><strong>Rekviem<\/strong> is an interdisciplinary work that transcends traditional art forms . By fusing visual arts, performance, architectural interventions, puppet art, poetry and music, JA\u0160A creates a new comprehensive entity that blurs the lines between reality and constructed space. This approach engages all senses, allowing the viewers to immerse themselves fully in the experience.<\/p>\n<p><em>Requiem<\/em> generally refers to a musical composition for those who are no longer with us, a final tribute to the deceased. JA\u0160A\u2019s Rekviem holds a special dedication to his late father, the esteemed psychiatrist Gorazd V. Mrevlje, who recently passed away. In this tribute, his father is one of the three protagonists represented by marionettes. These marionettes were crafted by the Ljubljana Puppet Theatre according to the author\u2019s design and in collaboration with artist Meta Grgurevi\u010d. The marionettes\u2014Father, Author, and Giuseppe Tartini, the renowned 18th-century violinist and composer\u2014inhabit a parallel, extratemporal reality, with which JA\u0160A challenges the notion of an ending.<\/p>\n<p>The exhibition setup encompasses most of the museum rooms at the Tartini House. JA\u0160A utilises these spaces, incorporating them as ready-made objects alongside selected existing exhibit items. Combined with visual, sound, musical and situational interventions, these spaces are transformed into living pictures. They serve both as complete units and as fragments of a story that weaves through the entire architecture of the house.\u00a0<\/p>\n<p>The opening event will feature live performances by puppeteers Lovro Fin\u017egar, Polona Kores and Martina Mauri\u010d Lazar from the Ljubljana Puppet Theatre, musicians KALU and Bowrain, performer Mattias Gingliano, theatre group Al tempo di Tartini, Bela Mrevlje and others.<\/p>\n<\/p>\n<p><em>\u00bbCasa Tartini becomes a gathering of parallels, as JA\u0160A defines it, a bouleversement of situations, figures and sounds. It is the architecture of a dream, which shifts and changes continuously. The house itself, its rooms overturn and move as in a magnificent Piranesi architecture. It is a dreamlike work, a precious window into the most hidden desires and conflicts.<\/em><\/p>\n<p><em>\u00a0<\/em><\/p>\n<p><em>Three is the recurring number: three are the characters and the third is the dimension of Tartini&#039;s sound, almost imperceptible but the result of a perfect harmony: the interference effect between two sounds which, if perfectly in tune, generate a third barely perceptible one. Two fragments can give life to a whole, a third dimension.\u00a0<\/em><\/p>\n<p><em>\u00a0<\/em><\/p>\n<p><em>Ja\u0161a is the conductor of this piece that comes to life and intertwines with the figures of his father and the famous violinist. And in doing so, he traces a circle, a set of parallel narratives that seemingly never met. He gives us a new score, a script rewritten according to an eternal movement.\u00ab<\/em><\/p>\n<p><strong>Laura Rositani, curator<\/strong><\/p>\n<\/p>\n<p>\n<\/div>\n<div class=\"kc-elm kc-css-913798 divider_line\">\n\t<div class=\"divider_inner divider_line1\">\n\t\t\t<\/div>\n<\/div>\n<div class=\"kc-elm kc-css-920159 kc_text_block\"><\/p>\n<p><span style=\"font-style: inherit;\">Colophon:\u00a0<\/span><\/p>\n<p>Author: JA\u0160A<br \/>Curator: Laura Rositani<br \/>Co-writer of the script: Etan Nechin<br \/>Puppet design with Meta Grgurevi\u010d<br \/>Puppet makers: Lutkovno gledali\u0161\u010de Ljubljana &#8211; Zoran Srdi\u0107, \u017diga Lebar, Olga Mili\u010d, Sandra Birjukov, Marjeta Valjavec, David Klemen\u010di\u010d, Lorena Bukovec, Gabrijela Fleischman<br \/>Original score: KALU<\/p>\n<p>Puppeteers: Lovro Fin\u017egar, Polona Kores, Martina Mauri\u010d Lazar<br \/>Live music: KALU, Bowrain<br \/>Performance: Mattias Gingliano, Al tempo di Tartini, Bela Mrevlje and others<\/p>\n<p>Producer: Piran Self-Governing Community of Italian Nationals and Piran Coastal Galleries<\/p>\n<p>Coproducer: Ljubljana Puppet Theatre<br \/>Technical production and PR: Glasilka<br \/>Production: WE.ARE In\u0161titut<\/p>\n<p>Partners: \u00a0<em>Italian Community<\/em>\u00a0\u00bb<em>Giuseppe Tartini<\/em>\u00ab, Tartini house<\/p>\n<p>Graphic design: Rosa Lux<\/p>\n<p>Sound design: Mario Babojeli\u010d<\/p>\n<p>Technical team of Ljubljana Puppet theatre: Damir Radon\u010di\u0107 (sound), Danilo Korelec, Kristjan Vidner (light), Darko Nedeljkovi\u0107, Slobodan Ili\u0107 (scenography)<\/p>\n<p>Proofreading: Noah Charney<\/p>\n<p>Support: Bojana Leskovar, Vuk \u0106osi\u0107<\/p>\n<\/p>\n<p>\n<\/div><\/div><\/div><\/div><\/div><\/section><\/p>\n","protected":false},"excerpt":{"rendered":"<p>JA\u0160A: REKVIEM |&nbsp; Site-specific spatial intervention, exhibition and performance, Tartini House, Piran |&nbsp; Opening event: June 22, 2024 |&nbsp;Exhibition: June 22, 2024 \u2013 September 7, 2024&nbsp;<\/p>\n","protected":false},"author":4,"featured_media":21170,"comment_status":"closed","ping_status":"closed","sticky":false,"template":"","format":"standard","meta":{"footnotes":""},"categories":[98,79,47],"tags":[],"class_list":["post-21099","post","type-post","status-publish","format-standard","has-post-thumbnail","hentry","category-events","category-exhibitions","category-news"],"acf":[],"_links":{"self":[{"href":"https:\/\/www.obalne-galerije.si\/en\/wp-json\/wp\/v2\/posts\/21099","targetHints":{"allow":["GET"]}}],"collection":[{"href":"https:\/\/www.obalne-galerije.si\/en\/wp-json\/wp\/v2\/posts"}],"about":[{"href":"https:\/\/www.obalne-galerije.si\/en\/wp-json\/wp\/v2\/types\/post"}],"author":[{"embeddable":true,"href":"https:\/\/www.obalne-galerije.si\/en\/wp-json\/wp\/v2\/users\/4"}],"replies":[{"embeddable":true,"href":"https:\/\/www.obalne-galerije.si\/en\/wp-json\/wp\/v2\/comments?post=21099"}],"version-history":[{"count":4,"href":"https:\/\/www.obalne-galerije.si\/en\/wp-json\/wp\/v2\/posts\/21099\/revisions"}],"predecessor-version":[{"id":22598,"href":"https:\/\/www.obalne-galerije.si\/en\/wp-json\/wp\/v2\/posts\/21099\/revisions\/22598"}],"wp:featuredmedia":[{"embeddable":true,"href":"https:\/\/www.obalne-galerije.si\/en\/wp-json\/wp\/v2\/media\/21170"}],"wp:attachment":[{"href":"https:\/\/www.obalne-galerije.si\/en\/wp-json\/wp\/v2\/media?parent=21099"}],"wp:term":[{"taxonomy":"category","embeddable":true,"href":"https:\/\/www.obalne-galerije.si\/en\/wp-json\/wp\/v2\/categories?post=21099"},{"taxonomy":"post_tag","embeddable":true,"href":"https:\/\/www.obalne-galerije.si\/en\/wp-json\/wp\/v2\/tags?post=21099"}],"curies":[{"name":"wp","href":"https:\/\/api.w.org\/{rel}","templated":true}]}}