{"id":21081,"date":"2024-05-21T14:35:53","date_gmt":"2024-05-21T12:35:53","guid":{"rendered":"https:\/\/www.obalne-galerije.si\/?p=21081"},"modified":"2024-05-28T17:04:02","modified_gmt":"2024-05-28T15:04:02","slug":"presentation-of-the-creations-of-mornarcek-kindergarten","status":"publish","type":"post","link":"https:\/\/www.obalne-galerije.si\/en\/presentation-of-the-creations-of-mornarcek-kindergarten\/","title":{"rendered":"PRESENTATION OF THE CREATIONS OF MORNAR\u010cEK KINDERGARTEN"},"content":{"rendered":"<p><section class=\"kc-elm kc-css-746186 kc_row\"><div class=\"kc-row-container  kc-container\"><div class=\"kc-wrap-columns\"><div class=\"kc-elm kc-css-25193 kc_col-sm-12 kc_column kc_col-sm-12\"><div class=\"kc-col-container\"><\/div><\/div><\/div><\/div><\/section><section class=\"kc-elm kc-css-241846 kc_row\"><div class=\"kc-row-container  kc-container\"><div class=\"kc-wrap-columns\"><div class=\"kc-elm kc-css-698516 kc_col-sm-6 kc_column kc_col-sm-6\"><div class=\"kc-col-container\"><div class=\"kc-elm kc-css-309750 kc_shortcode kc_single_image\">\n\n        <img decoding=\"async\" src=\"https:\/\/www.obalne-galerije.si\/wp-content\/uploads\/2024\/05\/photo_2024-05-27_14-43-34.jpg\" class=\"\" alt=\"\" \/>    <\/div>\n<div class=\"kc-elm kc-css-88246\" style=\"height: 20px; clear: both; width:100%;\"><\/div><\/div><\/div><div class=\"kc-elm kc-css-107577 kc_col-sm-6 kc_column kc_col-sm-6\"><div class=\"kc-col-container\"><div class=\"kc-elm kc-css-921989 kc_text_block\"><\/p>\n<p><strong>PRESENTATION OF THE CREATIONS OF MORNAR\u010cEK KINDERGARTEN WITHIN THE FRAMEWORK OF THE UNESCO PROJECT \u201cWITH A FAIRY TALE THROUGH TIME\u201d |&nbsp;<\/strong><\/p>\n<p><strong>29.05.2024-12.06.2024 &#8211;&nbsp;<br \/>Presentation: Wednesday, 29.05.2024, at 6 pm, Herman Pe\u010dari\u010d Gallery, second floor<\/strong><\/p>\n<p><!--more--><\/p>\n<p>At the presentation of the Unesco project \u201cWith a fairy tale through time\u201d, children, parents and the general public will be greeted by the director of the Coastal Galleries of Piran, Mara Ambro\u017ei\u010d Verderber, and the director of the Mornar\u010dek kindergarten, Renata Novak. Followed by the children\u2019s performance and a presentation of the creations that are the result of their research and creativity.<\/p>\n<p>With the help of their mentors at the Mornar\u010dek kindergarten, children were able to explored the cultural heritage of their home town along with fairy tales and legends, which are the link between the past and the present. The children were encouraged to express their experiences in various artistic languages \u200b\u200busing their own creativity. Through fairy tales and legends, they learned about the lives of people in past eras and enriched the values \u200b\u200bof folk tradition.<\/p>\n<p>\n<\/div><\/div><\/div><\/div><\/div><\/section><\/p>\n","protected":false},"excerpt":{"rendered":"<p>PRESENTATION OF THE CREATIONS OF MORNAR\u010cEK KINDERGARTEN WITHIN THE FRAMEWORK OF THE UNESCO PROJECT \u201cWITH A FAIRY TALE THROUGH TIME\u201d |&nbsp; 29.05.2024-12.06.2024 &#8211;&nbsp;Presentation: Wednesday, 29.05.2024, at 6 pm, Herman Pe\u010dari\u010d Gallery, second floor<\/p>\n","protected":false},"author":4,"featured_media":21085,"comment_status":"closed","ping_status":"closed","sticky":false,"template":"","format":"standard","meta":{"footnotes":""},"categories":[98,47],"tags":[],"class_list":["post-21081","post","type-post","status-publish","format-standard","has-post-thumbnail","hentry","category-events","category-news"],"acf":[],"_links":{"self":[{"href":"https:\/\/www.obalne-galerije.si\/en\/wp-json\/wp\/v2\/posts\/21081","targetHints":{"allow":["GET"]}}],"collection":[{"href":"https:\/\/www.obalne-galerije.si\/en\/wp-json\/wp\/v2\/posts"}],"about":[{"href":"https:\/\/www.obalne-galerije.si\/en\/wp-json\/wp\/v2\/types\/post"}],"author":[{"embeddable":true,"href":"https:\/\/www.obalne-galerije.si\/en\/wp-json\/wp\/v2\/users\/4"}],"replies":[{"embeddable":true,"href":"https:\/\/www.obalne-galerije.si\/en\/wp-json\/wp\/v2\/comments?post=21081"}],"version-history":[{"count":4,"href":"https:\/\/www.obalne-galerije.si\/en\/wp-json\/wp\/v2\/posts\/21081\/revisions"}],"predecessor-version":[{"id":21137,"href":"https:\/\/www.obalne-galerije.si\/en\/wp-json\/wp\/v2\/posts\/21081\/revisions\/21137"}],"wp:featuredmedia":[{"embeddable":true,"href":"https:\/\/www.obalne-galerije.si\/en\/wp-json\/wp\/v2\/media\/21085"}],"wp:attachment":[{"href":"https:\/\/www.obalne-galerije.si\/en\/wp-json\/wp\/v2\/media?parent=21081"}],"wp:term":[{"taxonomy":"category","embeddable":true,"href":"https:\/\/www.obalne-galerije.si\/en\/wp-json\/wp\/v2\/categories?post=21081"},{"taxonomy":"post_tag","embeddable":true,"href":"https:\/\/www.obalne-galerije.si\/en\/wp-json\/wp\/v2\/tags?post=21081"}],"curies":[{"name":"wp","href":"https:\/\/api.w.org\/{rel}","templated":true}]}}