{"id":19683,"date":"2023-10-30T15:58:56","date_gmt":"2023-10-30T14:58:56","guid":{"rendered":"https:\/\/www.obalne-galerije.si\/?p=19683"},"modified":"2023-11-06T16:51:42","modified_gmt":"2023-11-06T15:51:42","slug":"november-program-2023","status":"publish","type":"post","link":"https:\/\/www.obalne-galerije.si\/en\/november-program-2023\/","title":{"rendered":"NOVEMBER PROGRAM 2023"},"content":{"rendered":"<section class=\"kc-elm kc-css-375778 kc_row\"><div class=\"kc-row-container  kc-container\"><div class=\"kc-wrap-columns\"><div class=\"kc-elm kc-css-635984 kc_col-sm-12 kc_column kc_col-sm-12\"><div class=\"kc-col-container\"><div class=\"kc-elm kc_text_block\"><\/p>\n<p>In accordance with the program mission of the institution, which is to monitor and present artists who live and create in the local region, this year we are presenting a selection of works by the Slovenian coastal painter <strong>ALE\u0160 SEDMAK<\/strong> (1952, Postojna). <strong>The Piran Civic Gallery<\/strong> will feature a selection of paintings, graphics, drawings and natural science illustrations in various techniques from all periods of Sedmak&#8217;s nearly fifty-year-old oeuvre. The opening of <strong>RETROSPECTIVE EXHIBITION<\/strong> will take place on <strong>Friday, November 10, 2023 at 6:00 p. m..<\/strong> The selection of natural sciences illustrations will also be on display at the Meduza Gallery in Koper. We will present the exhibition and the author at<strong> a press conference<\/strong>, which will be held on<strong> Friday, November 10, 2023, at 11:00 a.m. at the Civic Gallery Piran. <\/strong>We are also preparing a monographic publication. During the exhibition we will organize guided tours, round tables and workshops, including for those who are blind and partially sighted.<\/p>\n<p>Since studying at the Department of Painting at the Ljubljana Academy of Fine Arts, where he graduated in 1980, Ale\u0161 Sedmak has been continuously creating as a painter, graphic artist, draftsman, illustrator, designer, pedagogue, mentor and organizer of educational workshops and events. Already during his studies, he was one of the founders of the SOG workshop at the Forum student association. From 1983 to 1987, he was the president of the Fine Artists Society of the Slovene Littoral (DLUSO). He was also one of the organizers of the establishment of the Society&#8217;s Insula Gallery in Izola (1987) and a quarter of a century ago a program consultant for the establishment of an Art School within Koper High School. From 2011 to 2021, he was a president of the Slovenian Association of Fine Arts Societies (ZDSLU). For sixteen years he was the head of the Kaverljag project as the only manifestation of its kind with the international participation of professors and students; his studio in this Istrian hamlet in the middle of lush nature above the valley of the river Dragonja has been a venue for unique educational camps, with an emphasis on current topics, especially ecology, the usefulness of products and the connection and synergy of fine arts and various scientific sciences. We are preparing a retrospective exhibition of Ale\u0161 Sedmak with the participation of the The Slovenian Association of Fine Art Societes (ZDSLU). At the Association&#8217;s ZDSLU Gallery, the opening of the exhibition Ale\u0161 Sedmak, Semi-scientific illustration and a &#8220;Black Box\" will take place on Thursday, November 23, 2023, at 6 p.m.. <a href=\"https:\/\/www.obalne-galerije.si\/en\/ales-sedmak-retrospective-exhibition\/\">More information at the link\u2026<\/a><\/p>\n<p>\n<\/div>\n<div class=\"kc-elm kc-css-65979 divider_line\">\n\t<div class=\"divider_inner divider_line1\">\n\t\t\t<\/div>\n<\/div>\n<div class=\"kc-elm kc-css-537266 kc_text_block\"><\/p>\n<p><strong style=\"font-style: inherit; font-family: -apple-system, BlinkMacSystemFont, 'Segoe UI', Roboto, Oxygen-Sans, Ubuntu, Cantarell, 'Helvetica Neue', sans-serif;\">MLADEN STROPNIK<\/strong><span style=\"font-style: inherit; font-family: -apple-system, BlinkMacSystemFont, 'Segoe UI', Roboto, Oxygen-Sans, Ubuntu, Cantarell, 'Helvetica Neue', sans-serif;\"> received the Cesare dell&#8217;Acqua Award at the International Painting Ex-tempore Piran 2022. The award is named after the 19th century artist born in Piran, who established himself in the wider European area as a painter of portraits, historical and genre motifs. Last year&#8217;s\u00a0 international jury recognized Stropnik as an extremely interesting creator whose work deserved to be presented in the PCG&#8217;s 2023 exhibition program. His exhibition entitled &#8220;<\/span><strong style=\"font-style: inherit; font-family: -apple-system, BlinkMacSystemFont, 'Segoe UI', Roboto, Oxygen-Sans, Ubuntu, Cantarell, 'Helvetica Neue', sans-serif;\">WIENER SCHNITZEL FRENCH FRIES<\/strong><span style=\"font-style: inherit; font-family: -apple-system, BlinkMacSystemFont, 'Segoe UI', Roboto, Oxygen-Sans, Ubuntu, Cantarell, 'Helvetica Neue', sans-serif;\">&#8220;, which is being prepared by the curator dr. Majda Bo\u017eeglav Japelj,\u00a0 will be <\/span><strong style=\"font-style: inherit; font-family: -apple-system, BlinkMacSystemFont, 'Segoe UI', Roboto, Oxygen-Sans, Ubuntu, Cantarell, 'Helvetica Neue', sans-serif;\">opened on Friday, 17 November 2023, at 6:00 p.m. in the Lo\u017ea Gallery in Koper<\/strong><span style=\"font-style: inherit; font-family: -apple-system, BlinkMacSystemFont, 'Segoe UI', Roboto, Oxygen-Sans, Ubuntu, Cantarell, 'Helvetica Neue', sans-serif;\">. Stropnik ranks among the well-established representatives of the middle generation, who materialise their creativity in the field of contemporary visual art through a combination of different media, techniques and procedures. His recognizable personal style, which is rooted in Minimalist Aesthetics, is placed in the sphere of modern experimentation with innovative conceptual approaches. In his works on paper, graphics, drawings, photographs, as well as sculptures and videos, he touches on various topics, including those with sexual content, which are the subject of the Koper exhibition. He illustrates them with a great deal of humor and disarming sincerity, as an echo of his personal and almost intuitive experience of the world.<\/span><\/p>\n<p>Some of the works in the exhibition will be in the form of NFTs- non-fungible tokens, digital art collectibles, a new-age phenomenon that allows the ownership of a certain value; for intangible objects, virtual drawings, or something in physical form. Viewing is possible by using a QR code. Some works, like the one on the cover of the invitation, &#8220;Crystals of Salt\", can be viewed on a mobile phone with the help of the artiviva.com application. On the occasion of his first personal exhibition in Slovenian Istria, the author will also create an art object, a &#8220;mr\u010d\", or two.<\/p>\n<p>In the style of his often used practice of interweaving and exchanging his creative energies with other authors, three more artists will participate in the exhibition: Sa\u0161a Bezjak, Sini\u0161a Labrovi\u0107 and Nata\u0161a Sku\u0161ek. The exhibition is created in collaboration with Gregor Podnar, Vienna. <a href=\"https:\/\/www.obalne-galerije.si\/en\/mladen-stropnik-wiener-and-fries\/\">More information at the link&#8230;<\/a><\/p>\n<p>\n<\/div>\n<div class=\"kc-elm kc-css-496486 divider_line\">\n\t<div class=\"divider_inner divider_line1\">\n\t\t\t<\/div>\n<\/div>\n<div class=\"kc-elm kc-css-839376 kc_text_block\"><\/p>\n<p><span style=\"font-style: inherit; font-family: -apple-system, BlinkMacSystemFont, &quot;Segoe UI&quot;, Roboto, Oxygen-Sans, Ubuntu, Cantarell, &quot;Helvetica Neue&quot;, sans-serif;\">At the end of November, the internationally renowned architectural conference, the <\/span><strong style=\"font-style: inherit; font-family: -apple-system, BlinkMacSystemFont, &quot;Segoe UI&quot;, Roboto, Oxygen-Sans, Ubuntu, Cantarell, &quot;Helvetica Neue&quot;, sans-serif;\">40th PIRAN DAYS OF ARCHITECTURE (PDA)<\/strong><span style=\"font-style: inherit; font-family: -apple-system, BlinkMacSystemFont, &quot;Segoe UI&quot;, Roboto, Oxygen-Sans, Ubuntu, Cantarell, &quot;Helvetica Neue&quot;, sans-serif;\">, will be held in the Municipality of Piran. With the title <\/span><strong style=\"font-style: inherit; font-family: -apple-system, BlinkMacSystemFont, &quot;Segoe UI&quot;, Roboto, Oxygen-Sans, Ubuntu, Cantarell, &quot;Helvetica Neue&quot;, sans-serif;\">CONTEXT. CONCEPT. CONSENSUS.<\/strong><span style=\"font-style: inherit; font-family: -apple-system, BlinkMacSystemFont, &quot;Segoe UI&quot;, Roboto, Oxygen-Sans, Ubuntu, Cantarell, &quot;Helvetica Neue&quot;, sans-serif;\">, it summarizes the content of all previous meetings and all three topics are closely intertwined. Identifying the context, embedding the context in the concept, and verifying the concept by searching for consensus are all familiar working procedures that we use, but we mastered them in different approximations of<\/span><strong style=\"font-style: inherit; font-family: -apple-system, BlinkMacSystemFont, &quot;Segoe UI&quot;, Roboto, Oxygen-Sans, Ubuntu, Cantarell, &quot;Helvetica Neue&quot;, sans-serif;\">&nbsp; <\/strong><span style=\"font-style: inherit; font-family: -apple-system, BlinkMacSystemFont, &quot;Segoe UI&quot;, Roboto, Oxygen-Sans, Ubuntu, Cantarell, &quot;Helvetica Neue&quot;, sans-serif;\">complete integrity, which one only rarely attains. It is validated only in the context of the future and with the consent of history.<\/span><\/p>\n<p>That is why returning to these timeless themes is always relevant, necessary and important. This is what the architect Janez Ko\u017eelj wrote, among other things, about the content of the jubilee PDAs, the acclaimed traditional international architectural conference, which celebrates 40 years of activity this year. The conference will feature invited lecturers, internationally recognized experts: Wang Shu, Lu Wenyu (China), Iva Letilovi\u0107, Igor Pedi\u0161i\u0107 (Croatia), Pedro Domingos (Portugal), Tom Lechner (Austria), Aitor Fuentes (Spain), Janez Ko\u017eelj, Sonja Ana Hoyer, Lenart Piano, (Slovenia). The conference will be held <strong>on Saturday, November 25, 2023, in the Portoro\u017e Auditorium<\/strong>, where <strong>at 7:00 p.m. the Piranesi 2023 award ceremony<\/strong> will be held with a welcome address by dr. Asta Vre\u010dko, Minister of Culture of the Republic of Slovenia, and the honorary address of Anna Ramos, director of the Mies van der Rohe Foundation.<\/p>\n<p>The award ceremony&nbsp; will be followed by <strong>the opening of the Piranesi 2023 international architectural exhibition in the Monfort Wooden Hall in Portoro\u017e at 8:00 p.m.<\/strong>. Andrej Korenika, Mayor of the Municipality of Piran, and architect Robert Potokar will address those present.<\/p>\n<p>The history of the PDA will be summarized and evaluated by the documentary exhibition <strong>PDA 40: OPEN ARCHIVES<\/strong> (curators: \u0160pela Kuhar, DESSA Gallery, Robert Potokar and Sta\u0161a Baranja, Piranesi Foundation), which will be opened <strong>in the Herman Pe\u010dari\u010d Gallery on Friday, 24 November 2023<\/strong>, at 6 p.m. <a href=\"https:\/\/www.pida.si\/news\/40th-anniversary-pda\">More information at the link&#8230;<\/a><\/p>\n<p>&nbsp;<\/p>\n<p>You are kindly invited!<\/p>\n<p>\n<\/div><\/div><\/div><\/div><\/div><\/section>\n","protected":false},"excerpt":{"rendered":"","protected":false},"author":4,"featured_media":19684,"comment_status":"closed","ping_status":"closed","sticky":false,"template":"","format":"standard","meta":{"footnotes":""},"categories":[47,113],"tags":[],"class_list":["post-19683","post","type-post","status-publish","format-standard","has-post-thumbnail","hentry","category-news","category-public-program"],"acf":[],"_links":{"self":[{"href":"https:\/\/www.obalne-galerije.si\/en\/wp-json\/wp\/v2\/posts\/19683","targetHints":{"allow":["GET"]}}],"collection":[{"href":"https:\/\/www.obalne-galerije.si\/en\/wp-json\/wp\/v2\/posts"}],"about":[{"href":"https:\/\/www.obalne-galerije.si\/en\/wp-json\/wp\/v2\/types\/post"}],"author":[{"embeddable":true,"href":"https:\/\/www.obalne-galerije.si\/en\/wp-json\/wp\/v2\/users\/4"}],"replies":[{"embeddable":true,"href":"https:\/\/www.obalne-galerije.si\/en\/wp-json\/wp\/v2\/comments?post=19683"}],"version-history":[{"count":3,"href":"https:\/\/www.obalne-galerije.si\/en\/wp-json\/wp\/v2\/posts\/19683\/revisions"}],"predecessor-version":[{"id":19690,"href":"https:\/\/www.obalne-galerije.si\/en\/wp-json\/wp\/v2\/posts\/19683\/revisions\/19690"}],"wp:featuredmedia":[{"embeddable":true,"href":"https:\/\/www.obalne-galerije.si\/en\/wp-json\/wp\/v2\/media\/19684"}],"wp:attachment":[{"href":"https:\/\/www.obalne-galerije.si\/en\/wp-json\/wp\/v2\/media?parent=19683"}],"wp:term":[{"taxonomy":"category","embeddable":true,"href":"https:\/\/www.obalne-galerije.si\/en\/wp-json\/wp\/v2\/categories?post=19683"},{"taxonomy":"post_tag","embeddable":true,"href":"https:\/\/www.obalne-galerije.si\/en\/wp-json\/wp\/v2\/tags?post=19683"}],"curies":[{"name":"wp","href":"https:\/\/api.w.org\/{rel}","templated":true}]}}