{"id":19574,"date":"2023-11-01T10:21:45","date_gmt":"2023-11-01T09:21:45","guid":{"rendered":"https:\/\/www.obalne-galerije.si\/?p=19574"},"modified":"2024-11-18T20:39:10","modified_gmt":"2024-11-18T19:39:10","slug":"mladen-stropnik-wiener-and-fries","status":"publish","type":"post","link":"https:\/\/www.obalne-galerije.si\/en\/mladen-stropnik-wiener-and-fries\/","title":{"rendered":"MLADEN STROPNIK: WIENER AND FRIES"},"content":{"rendered":"<p><section class=\"kc-elm kc-css-398410 kc_row\"><div class=\"kc-row-container  kc-container\"><div class=\"kc-wrap-columns\"><div class=\"kc-elm kc-css-893846 kc_col-sm-12 kc_column kc_col-sm-12\"><div class=\"kc-col-container\"><\/div><\/div><\/div><\/div><\/section><section class=\"kc-elm kc-css-293532 kc_row\"><div class=\"kc-row-container  kc-container\"><div class=\"kc-wrap-columns\"><div class=\"kc-elm kc-css-764706 kc_col-sm-6 kc_column kc_col-sm-6\"><div class=\"kc-col-container\"><div class=\"kc-elm kc-css-513842 kc_text_block\"><\/p>\n<p class=\"p2\"><strong>MLADEN STROPNIK: WIENER AND FRIES &#8211;\u00a0<\/strong><br \/><strong><span class=\"s1\">with <\/span>Sa\u0161a Bezjak, Sini\u0161a Labrovi\u0107, Nata\u0161a Sku\u0161ek |\u00a0<\/strong><\/p>\n<p class=\"p4\"><strong>Award Cesare dell\u2019Acqua 2022 &#8211;\u00a0<\/strong><br \/><strong>Curated by: Majda Bo\u017eeglav Japelj,\u00a0Lo\u017ea Gallery, Koper &#8211;\u00a017.11.2023 \u2013 21.01.2024 (extended until 28.01.2024) |\u00a0<\/strong><\/p>\n<p class=\"p4\"><strong>Opening. Friday, 17. 11. 2023, at 18.00 |\u00a0<\/strong><\/p>\n<p class=\"p5\"><strong>Acknowledgments: Jaka Babnik, Martin Petri\u010d, Gregor Podnar, Mateja Pucko, Muzej-Museo Lapidarium, Novigrad-Cittanova<\/strong><!--more--><\/p>\n<p>\n<\/div><div class=\"kc-elm kc-css-721854\" style=\"height: 20px; clear: both; width:100%;\"><\/div>\n<div class=\"kc-elm kc-css-405880\">\n\t<a class=\"kc_button\" href=\"https:\/\/www.obalne-galerije.si\/wp-content\/uploads\/2023\/10\/STROPNIK-vabilo.pdf\" target=\"_blank\" title=\"58th INTERNATIONAL PAINTING EX-TEMPORE 2023\" onclick=\"\">\n\t\t<i class=\"sl-paper-clip\"><\/i> FLYER: DOWNLOAD\t<\/a>\n<\/div>\n<div class=\"kc-elm kc-css-642824\" style=\"height: 20px; clear: both; width:100%;\"><\/div><div class=\"kc-elm kc-css-787209 kc_shortcode kc_single_image\">\n\n        <img decoding=\"async\" src=\"https:\/\/www.obalne-galerije.si\/wp-content\/uploads\/2023\/10\/swollow-us_object_10x20x14_2017.jpg\" class=\"\" alt=\"\" \/>    <\/div>\n<div class=\"kc-elm kc-css-520899 kc_text_block\"><\/p>\n<p>Mladen Stropnik, <i>swollow us<\/i>, 2017, object<\/p>\n<p>\n<\/div><div class=\"kc-elm kc-css-313020\" style=\"height: 20px; clear: both; width:100%;\"><\/div><\/div><\/div><div class=\"kc-elm kc-css-56497 kc_col-sm-6 kc_column kc_col-sm-6\"><div class=\"kc-col-container\"><div class=\"kc-elm kc-css-144050 kc_text_block\"><\/p>\n<p>Mladen stropnik received the Cesare dell&#039;Acqua Award at the International Painting Ex-tempore Piran 2022. The award is named after the 19th century artist born in Piran, who established himself in the wider European area as a painter of portraits, historical and genre motifs. Last year&#039;s\u00a0 international jury recognized Stropnik as an extremely interesting creator whose work deserved to be presented in the PCG&#039;s 2023 exhibition program. His exhibition entitled &#8220;<strong>wiener schnitzel french fries<\/strong>&#8220;, which is being prepared by the curator dr. Majda Bo\u017eeglav Japelj,\u00a0 will be <strong>opened on Friday, 17 November 2023, at 6:00 p.m. in the Lo\u017ea Gallery in Koper<\/strong>. Stropnik ranks among the well-established representatives of the middle generation, who materialise their creativity in the field of contemporary visual art through a combination of different media, techniques and procedures. His recognizable personal style, which is rooted in Minimalist Aesthetics, is placed in the sphere of modern experimentation with innovative conceptual approaches.<\/p>\n<p>In his works on paper, graphics, drawings, photographs, as well as sculptures and videos, he touches on various topics, including those with sexual content, which are the subject of the Koper exhibition. He illustrates them with a great deal of humor and disarming sincerity, as an echo of his personal and almost intuitive experience of the world. Some of the works in the exhibition will be in the form of NFTs- non-fungible tokens, digital art collectibles, a new-age phenomenon that allows the ownership of a certain value; for intangible objects, virtual drawings, or something in physical form. Viewing is possible by using a QR code. Some works, like the one on the cover of the invitation, &#8220;Crystals of Salt\", can be viewed on a mobile phone with the help of the artiviva.com application. On the occasion of his first personal exhibition in Slovenian Istria, the author will also create an art object, a &#8220;mr\u010d\", or two.<\/p>\n<p>In the style of his often used practice of interweaving and exchanging his creative energies with other authors, three more artists will participate in the exhibition: Sa\u0161a Bezjak, Sini\u0161a Labrovi\u0107 and Nata\u0161a Sku\u0161ek. The exhibition is created in collaboration with Gregor Podnar, Vienna.<\/p>\n<p>Mladen Stropnik was born in Slovenj Gradac and grew up in Velenj. He graduated from the Ljubljana Academy of Fine Arts and Design, where he also completed his master&#039;s degree. He received the student Pre\u0161eren award. He exhibited his works at personal and group exhibitions at home and abroad. He lives and works in Ljubljana.<\/p>\n<p>The exhibition is organized in collaboration with <strong>Gregor Podnar, Vienna.<\/strong><\/p>\n<p><strong>Special thanks<\/strong>: Jaka Babnik, Martin Petri\u010d, Gregor Podnar, Mateja Pucko, Museum-Museo Lapidarium, Novigrad-Cittanova.<\/p>\n<p>\n<\/div><div class=\"kc-elm kc-css-910563 kc_shortcode kc_single_image\">\n\n        <img decoding=\"async\" src=\"https:\/\/www.obalne-galerije.si\/wp-content\/uploads\/2023\/10\/maki_risba_17x25_2023.jpg\" class=\"\" alt=\"\" \/>    <\/div>\n<div class=\"kc-elm kc-css-723052 kc_text_block\"><\/p>\n<p>Mladen Stropnik, <em>maki<\/em>, 2023, drawing<\/p>\n<p>\n<\/div><div class=\"kc-elm kc-css-323700 kc_shortcode kc_single_image\">\n\n        <img decoding=\"async\" src=\"https:\/\/www.obalne-galerije.si\/wp-content\/uploads\/2023\/10\/drevo_slika_30x40_2022-scaled.jpg\" class=\"\" alt=\"\" \/>    <\/div>\n<div class=\"kc-elm kc-css-746683 kc_text_block\"><\/p>\n<p>Mladen Stropnik,<i>\u00a0drevo<\/i>, 2022, picture<\/p>\n<p>\n<\/div><\/div><\/div><\/div><\/div><\/section><\/p>\n","protected":false},"excerpt":{"rendered":"<p>MLADEN STROPNIK: WIENER AND FRIES &#8211;\u00a0with Sa\u0161a Bezjak, Sini\u0161a Labrovi\u0107, Nata\u0161a Sku\u0161ek |\u00a0 Award Cesare dell\u2019Acqua 2022 &#8211;\u00a0Curated by: Majda Bo\u017eeglav Japelj,\u00a0Lo\u017ea Gallery, Koper &#8211;\u00a017.11.2023 \u2013 21.01.2024 (extended until 28.01.2024) |\u00a0 Opening. Friday, 17. 11. 2023, at 18.00 |\u00a0 Acknowledgments: Jaka Babnik, Martin Petri\u010d, Gregor Podnar, Mateja Pucko, Muzej-Museo Lapidarium, Novigrad-Cittanova<\/p>\n","protected":false},"author":4,"featured_media":22672,"comment_status":"closed","ping_status":"closed","sticky":false,"template":"","format":"standard","meta":{"footnotes":""},"categories":[79,41,47],"tags":[],"class_list":["post-19574","post","type-post","status-publish","format-standard","has-post-thumbnail","hentry","category-exhibitions","category-loza-gallery","category-news"],"acf":[],"_links":{"self":[{"href":"https:\/\/www.obalne-galerije.si\/en\/wp-json\/wp\/v2\/posts\/19574","targetHints":{"allow":["GET"]}}],"collection":[{"href":"https:\/\/www.obalne-galerije.si\/en\/wp-json\/wp\/v2\/posts"}],"about":[{"href":"https:\/\/www.obalne-galerije.si\/en\/wp-json\/wp\/v2\/types\/post"}],"author":[{"embeddable":true,"href":"https:\/\/www.obalne-galerije.si\/en\/wp-json\/wp\/v2\/users\/4"}],"replies":[{"embeddable":true,"href":"https:\/\/www.obalne-galerije.si\/en\/wp-json\/wp\/v2\/comments?post=19574"}],"version-history":[{"count":4,"href":"https:\/\/www.obalne-galerije.si\/en\/wp-json\/wp\/v2\/posts\/19574\/revisions"}],"predecessor-version":[{"id":22675,"href":"https:\/\/www.obalne-galerije.si\/en\/wp-json\/wp\/v2\/posts\/19574\/revisions\/22675"}],"wp:featuredmedia":[{"embeddable":true,"href":"https:\/\/www.obalne-galerije.si\/en\/wp-json\/wp\/v2\/media\/22672"}],"wp:attachment":[{"href":"https:\/\/www.obalne-galerije.si\/en\/wp-json\/wp\/v2\/media?parent=19574"}],"wp:term":[{"taxonomy":"category","embeddable":true,"href":"https:\/\/www.obalne-galerije.si\/en\/wp-json\/wp\/v2\/categories?post=19574"},{"taxonomy":"post_tag","embeddable":true,"href":"https:\/\/www.obalne-galerije.si\/en\/wp-json\/wp\/v2\/tags?post=19574"}],"curies":[{"name":"wp","href":"https:\/\/api.w.org\/{rel}","templated":true}]}}