{"id":18258,"date":"2023-05-26T16:20:41","date_gmt":"2023-05-26T14:20:41","guid":{"rendered":"https:\/\/www.obalne-galerije.si\/?p=18258"},"modified":"2023-08-22T15:45:10","modified_gmt":"2023-08-22T13:45:10","slug":"public-program-everything-is-not-what-it-seems","status":"publish","type":"post","link":"https:\/\/www.obalne-galerije.si\/en\/public-program-everything-is-not-what-it-seems\/","title":{"rendered":"PUBLIC PROGRAM: (EVERYTHING IS) NOT WHAT IT SEEMS"},"content":{"rendered":"<p><section class=\"kc-elm kc-css-271157 kc_row\"><div class=\"kc-row-container  kc-container\"><div class=\"kc-wrap-columns\"><div class=\"kc-elm kc-css-168642 kc_col-sm-12 kc_column kc_col-sm-12\"><div class=\"kc-col-container\"><\/div><\/div><\/div><\/div><\/section><section class=\"kc-elm kc-css-149246 kc_row\"><div class=\"kc-row-container  kc-container\"><div class=\"kc-wrap-columns\"><div class=\"kc-elm kc-css-641656 kc_col-sm-6 kc_column kc_col-sm-6\"><div class=\"kc-col-container\"><div class=\"kc-elm kc-css-994591 kc_text_block\"><\/p>\n<p><strong>PUBLIC PROGRAM<\/strong><br \/><strong>JUNE<\/strong><\/p>\n<p><strong>Saturday 3. 6. 2023<\/strong><\/p>\n<p>at 11 a.m. presentation of LuCAC \u2013 an institutional project by Victor Mutelekesha<br \/>Piran Civic Gallery (Coffee Bar)<\/p>\n<p>at 5 p.m. POINT. NO RETURN by Sanja Ne\u0161kovi\u0107 Per\u0161in<br \/>Monfort Gallery (Portoro\u017e)<\/p>\n<p>at 7 p.m. THE PARTY WALL by Corinne Mazzoli<br \/>Tartini Square (Piran)<\/p>\n<p>from 8:30 p.m. music event with LAPSUS Trio<br \/>Piran Civic Gallery (Coffee Bar)<\/p>\n<p><strong>Monday \u2013 Tuedsay, 5. 6. \u2013 6. 6. 2023<\/strong><\/p>\n<p>Performance &#038; Dance workshops with Hanna Filomen Mj\u00e5vatn (Norway), in collaboration with SWANK Dance School Portoro\u017e<\/p>\n<p><strong>Wednesday, 14. 6. 2023<\/strong><\/p>\n<p>at 18.00: Exhibition guided tour with the curator<br \/>Piran Civic Gallery<\/p>\n<p><strong>JULY \u2013 AUGUST (in progress)<\/strong><\/p>\n<p>Exhibition guided tours (5. 7. \/ 19. 7. \/ 24. 8. \/ 1. 9. 2023)<br \/>Art Club: meetings and talks with gallerist and partners of the project (Gregor Podnar Vienna, Noire Gallery Turin, Federico Luger Milan)<br \/>Artist\u2019s Talks: Tobias Putrih, Nika Neelova, Anawana Haloba<br \/>Workshops for Kids and Adults (24. 8. 2023)<br \/>Piran Civic Gallery<\/p>\n<p>The complete program will be published on our website, please follow us on Facebook and Instagram.<br \/>Events of the Public Program are Admission Free.<\/p>\n<p>\n<\/div><div class=\"kc-elm kc-css-899453\" style=\"height: 20px; clear: both; width:100%;\"><\/div>\n<div class=\"kc-elm kc-css-585587\">\n\t<a class=\"kc_button\" href=\"https:\/\/www.obalne-galerije.si\/wp-content\/uploads\/2023\/06\/NWIS-press-SLO-1.pdf\" target=\"_blank\" title=\"\" onclick=\"\">\n\t\t<i class=\"et-pictures\"><\/i> PRESS INFO: DOWNLOAD\t<\/a>\n<\/div>\n<div class=\"kc-elm kc-css-973325\" style=\"height: 20px; clear: both; width:100%;\"><\/div><div class=\"kc-elm kc-css-42418 kc_shortcode kc_single_image\">\n\n        <img decoding=\"async\" src=\"https:\/\/www.obalne-galerije.si\/wp-content\/uploads\/2023\/08\/NVIS_POP-02-scaled.jpg\" class=\"\" alt=\"\" \/>    <\/div>\n<div class=\"kc-elm kc-css-708946\" style=\"height: 20px; clear: both; width:100%;\"><\/div><\/div><\/div><div class=\"kc-elm kc-css-533008 kc_col-sm-6 kc_column kc_col-sm-6\"><div class=\"kc-col-container\"><div class=\"kc-elm kc-css-357730 kc_shortcode kc_single_image\">\n\n        <a rel=\"prettyPhoto\" class=\"kc-pretty-photo\" href=\"https:\/\/www.obalne-galerije.si\/wp-content\/uploads\/2023\/05\/48A7280-2-scaled.jpg\" title=\"\" target=\"\">\n        <img decoding=\"async\" src=\"https:\/\/www.obalne-galerije.si\/wp-content\/uploads\/2023\/05\/48A7280-2-scaled.jpg\" class=\"\" alt=\"\" \/>    <\/a>\n    <\/div>\n<div class=\"kc-elm kc-css-63446 kc_shortcode kc_single_image\">\n\n        <a rel=\"prettyPhoto\" class=\"kc-pretty-photo\" href=\"https:\/\/www.obalne-galerije.si\/wp-content\/uploads\/2023\/05\/IMG_9235-scaled.jpg\" title=\"\" target=\"\">\n        <img decoding=\"async\" src=\"https:\/\/www.obalne-galerije.si\/wp-content\/uploads\/2023\/05\/IMG_9235-scaled.jpg\" class=\"\" alt=\"\" \/>    <\/a>\n    <\/div>\n<div class=\"kc-elm kc-css-247797 kc_shortcode kc_single_image\">\n\n        <a rel=\"prettyPhoto\" class=\"kc-pretty-photo\" href=\"https:\/\/www.obalne-galerije.si\/wp-content\/uploads\/2023\/05\/IMG_9231-scaled.jpg\" title=\"\" target=\"\">\n        <img decoding=\"async\" src=\"https:\/\/www.obalne-galerije.si\/wp-content\/uploads\/2023\/05\/IMG_9231-scaled.jpg\" class=\"\" alt=\"\" \/>    <\/a>\n    <\/div>\n<div class=\"kc-elm kc-css-842775\" style=\"height: 20px; clear: both; width:100%;\"><\/div><div class=\"kc-elm kc-css-737715 kc_text_block\"><\/p>\n<p><i>Photos: Jadran Rusjan<\/i><\/p>\n<p>\n<\/div><div class=\"kc-elm kc-css-656620\" style=\"height: 20px; clear: both; width:100%;\"><\/div><\/div><\/div><\/div><\/div><\/section><\/p>\n","protected":false},"excerpt":{"rendered":"","protected":false},"author":4,"featured_media":0,"comment_status":"closed","ping_status":"closed","sticky":false,"template":"","format":"standard","meta":{"footnotes":""},"categories":[113],"tags":[],"class_list":["post-18258","post","type-post","status-publish","format-standard","hentry","category-public-program"],"acf":[],"_links":{"self":[{"href":"https:\/\/www.obalne-galerije.si\/en\/wp-json\/wp\/v2\/posts\/18258","targetHints":{"allow":["GET"]}}],"collection":[{"href":"https:\/\/www.obalne-galerije.si\/en\/wp-json\/wp\/v2\/posts"}],"about":[{"href":"https:\/\/www.obalne-galerije.si\/en\/wp-json\/wp\/v2\/types\/post"}],"author":[{"embeddable":true,"href":"https:\/\/www.obalne-galerije.si\/en\/wp-json\/wp\/v2\/users\/4"}],"replies":[{"embeddable":true,"href":"https:\/\/www.obalne-galerije.si\/en\/wp-json\/wp\/v2\/comments?post=18258"}],"version-history":[{"count":5,"href":"https:\/\/www.obalne-galerije.si\/en\/wp-json\/wp\/v2\/posts\/18258\/revisions"}],"predecessor-version":[{"id":18682,"href":"https:\/\/www.obalne-galerije.si\/en\/wp-json\/wp\/v2\/posts\/18258\/revisions\/18682"}],"wp:attachment":[{"href":"https:\/\/www.obalne-galerije.si\/en\/wp-json\/wp\/v2\/media?parent=18258"}],"wp:term":[{"taxonomy":"category","embeddable":true,"href":"https:\/\/www.obalne-galerije.si\/en\/wp-json\/wp\/v2\/categories?post=18258"},{"taxonomy":"post_tag","embeddable":true,"href":"https:\/\/www.obalne-galerije.si\/en\/wp-json\/wp\/v2\/tags?post=18258"}],"curies":[{"name":"wp","href":"https:\/\/api.w.org\/{rel}","templated":true}]}}