{"id":16610,"date":"2023-01-30T18:35:10","date_gmt":"2023-01-30T17:35:10","guid":{"rendered":"https:\/\/www.obalne-galerije.si\/?p=16610"},"modified":"2023-03-17T12:08:44","modified_gmt":"2023-03-17T11:08:44","slug":"the-storta-path-workshops-for-the-restoration-of-the-paths-in-between-gardens-and-olive-groves-of-piran","status":"publish","type":"post","link":"https:\/\/www.obalne-galerije.si\/en\/the-storta-path-workshops-for-the-restoration-of-the-paths-in-between-gardens-and-olive-groves-of-piran\/","title":{"rendered":"THE \u0160TORTA PATH: workshops for the restoration of the paths in between gardens and olive groves of Piran"},"content":{"rendered":"<p><section class=\"kc-elm kc-css-389368 kc_row\"><div class=\"kc-row-container  kc-container\"><div class=\"kc-wrap-columns\"><div class=\"kc-elm kc-css-910213 kc_col-sm-6 kc_column kc_col-sm-6\"><div class=\"kc-col-container\"><div class=\"kc-elm kc-css-31250 kc_shortcode kc_single_image\">\n\n        <img decoding=\"async\" src=\"https:\/\/www.obalne-galerije.si\/wp-content\/uploads\/2023\/03\/dce1976b-89d3-44dc-8306-3e5f5dd5b2de.jpg\" class=\"\" alt=\"\" \/>    <\/div>\n<div class=\"kc-elm kc-css-671885 kc_text_block\"><\/p>\n<p>Credits: Marjetica Potr\u010d<\/p>\n<p>\n<\/div><div class=\"kc-elm kc-css-59000 kc_shortcode kc_single_image\">\n\n        <img decoding=\"async\" src=\"https:\/\/www.obalne-galerije.si\/wp-content\/uploads\/2023\/03\/20230304_124107-scaled.jpg\" class=\"\" alt=\"\" \/>    <\/div>\n<div class=\"kc-elm kc-css-799079 kc_text_block\"><\/p>\n<p>Credits: Polonca Lov\u0161in<\/p>\n<p>\n<\/div><div class=\"kc-elm kc-css-646435\" style=\"height: 20px; clear: both; width:100%;\"><\/div><div class=\"kc-elm kc-css-456758 kc_shortcode kc_single_image\">\n\n        <img decoding=\"async\" src=\"https:\/\/www.obalne-galerije.si\/wp-content\/uploads\/2022\/11\/Piranske-pespoti_koncna-01.jpg\" class=\"\" alt=\"\" \/>    <\/div>\n<div class=\"kc-elm kc-css-573206 kc_text_block\"><\/p>\n<p><a href=\"https:\/\/www.obalne-galerije.si\/wp-content\/uploads\/2022\/11\/Piranske-pespoti_koncna.pdf\">INVITATION &#8211; PDF<\/a><\/p>\n<p>\n<\/div><div class=\"kc-elm kc-css-9941\" style=\"height: 50px; clear: both; width:100%;\"><\/div><div class=\"kc-elm kc-css-322762 kc_shortcode kc_single_image\">\n\n        <img decoding=\"async\" src=\"https:\/\/www.obalne-galerije.si\/wp-content\/uploads\/2023\/03\/photo_Romana_Kacic_IMG_1281_midres.jpg\" class=\"\" alt=\"\" \/>    <\/div>\n<div class=\"kc-elm kc-css-76988 kc_text_block\"><\/p>\n<p>Credits: Romana Ka\u010di\u010d<\/p>\n<p>\n<\/div><div class=\"kc-elm kc-css-644805 kc_shortcode kc_single_image\">\n\n        <img decoding=\"async\" src=\"https:\/\/www.obalne-galerije.si\/wp-content\/uploads\/2023\/03\/photoSaraMusicZetko_IMG_8635_midres.jpg\" class=\"\" alt=\"\" \/>    <\/div>\n<div class=\"kc-elm kc-css-173072 kc_text_block\"><\/p>\n<p>Credits: Sara Mu\u0161i\u010d \u017detko<\/p>\n<p>\n<\/div><\/div><\/div><div class=\"kc-elm kc-css-63851 kc_col-sm-6 kc_column kc_col-sm-6\"><div class=\"kc-col-container\"><div class=\"kc-elm kc-css-812231 kc_text_block\"><\/p>\n<p><span style=\"font-style: inherit; font-family: -apple-system, BlinkMacSystemFont, \"Segoe UI\", Roboto, Oxygen-Sans, Ubuntu, Cantarell, \"Helvetica Neue\", sans-serif;\">The Piran Coastal Galleries present Pot \u0160torta\/ \u0160torta Path) program of workshop for citizens of Piran and the general public, which will take place as part of Marjetica Potr\u010d&#039;s exhibition Water and Land at the Piran Coastal Galleries (opening: December 17, 2022 at the Piran City Gallery, duration of the exhibition: \u00a0December 17, 2022 &#8211; March 5, 2023). The purpose of the workshops is to restore or improve the accessibility and passability of traditional footpaths in Piran.<\/span><\/p>\n<p>The workshops will take place in cooperation with the Piran Coastal Galleries, Marjetica Potr\u010d, Romana Ka\u010di\u010d (Abakkum, Institute for Landscape, Culture and Art Piran) and the local community of Piran. Students of the University of Primorska (Faculty of Pedagogy, Visual Arts and Design program) will also join the workshops under the mentorship of doc.dr. Bo\u0161tjan Bugari\u010d and doc.dr. Polonca Lov\u0161in.<\/p>\n<p>The Pot \u0160torta\/\u0160torta Path workshops will take place along the Matteoti and Olj\u010dna footpaths in between Piran gardens and olive groves. In addition to the re-established and improved accessibility and passability of the traditional footpaths, the aim of the workshops is also to create a Manual for the Co-Management of the Paths in Between the Piran Gardens in the premises of the Piran City Gallery, which will be created in cooperation between the local citizens of Piran and the city administration.<\/p>\n<p><strong>The first workshop the \u0160torta Path Walk will take place on Friday, November 25, 2022, from 11:00 am. to 1:00 pm.<\/strong> <b>Meeting point is at the Forna\u010de bus station in Piran. <\/b>The workshop is an accompanying event of the PiDA Piran Days of Architecture Conference 2022.<\/p>\n<p>This workshop will be followed by workshops on:<\/p>\n<p>&#8211; <strong>Friday, February 24, 2023, Workshop \u0160torta &#8211; Matteoti and Olj\u010dna Path<\/strong>, footpath repair, 8:00 am \u2013 4:00 pm<\/p>\n<p>&#8211; <strong>Saturday, February 25, 2023, Workshop \u0160torta \u2013 Matteoti and Olj\u010dna Path<\/strong>, footpath repair, 8:00 am \u2013 4:00 pm<\/p>\n<p>&#8211; <strong>Saturday, March 4, 2023, Workshop \u0160torta<\/strong> &#8211; preparation of the <em>Manual for Joint Management of the Paths In Between the Piran Gardens<\/em>, Piran City Gallery, 10:00 am \u2013 2:00 pm.<\/p>\n<p><strong>\u00a0<\/strong><\/p>\n<p><strong>Content presentation &#8211;<\/strong><\/p>\n<p>The footpaths in between the Piran gardens are traditional paths that lead from the city center of Piran to the green hill with cultivated gardens and olive groves that surround the city like a green belt. Footpaths are part of the cultural landscape of the city, which also breathes through these paths. A preserved and maintained network of public footpaths provides access and connects the space. By repairing these paths, informal workshops focus on preserving the paths for future generations. Among other things, the workshops remind us that these paths are a common good and one of the key elements in the mosaic of a sustainable city. At the same time, the workshops are an example of good practice of cooperation between local residents and the city administration at a time when we want to care for and manage public areas in a more sustainable way. In this context, art plays a connecting role of various stakeholders in the city.<\/p>\n<p>The \u0160torta footpath connects the city of Piran with the green belt of gardens on top of the hill. \u0160torta is also the name of one of the five theme-oriented Blue-green Routes (Kapra, \u0160torta, Brnistra, Hrast, Pol\u017eek), which the Abakkum Institute for Landscape, Culture and Art Piran together with SUB-NET divers have been offering as a tourist product since this summer. These routes connect content related to Piran&#039;s cultural landscape and connect land with sea, and land with water.<\/p>\n<p>\n<\/div><\/div><\/div><\/div><\/div><\/section><section class=\"kc-elm kc-css-941965 kc_row\"><div class=\"kc-row-container  kc-container\"><div class=\"kc-wrap-columns\"><div class=\"kc-elm kc-css-28329 kc_col-sm-6 kc_column kc_col-sm-6\"><div class=\"kc-col-container\"><div class=\"kc-elm kc-css-652937\" style=\"height: 50px; clear: both; width:100%;\"><\/div><div class=\"kc-elm kc-css-375493 kc_text_block\"><\/p>\n<p><strong style=\"font-style: inherit; font-family: -apple-system, BlinkMacSystemFont, \" segoe=\"\" ui\",=\"\" roboto,=\"\" oxygen-sans,=\"\" ubuntu,=\"\" cantarell,=\"\" \"helvetica=\"\" neue\",=\"\" sans-serif;\"=\"\">WORK PLAN &#8211;<\/strong><\/p>\n<p><strong>Workshop &#8220;\u0160torta Path &#8211; Olj\u010dna Path\" (purpose and goals):<\/strong><\/p>\n<p><strong>1<\/strong> preparing the stone for paving the path<br \/><strong style=\"font-style: inherit; font-family: -apple-system, BlinkMacSystemFont, \" segoe=\"\" ui\",=\"\" roboto,=\"\" oxygen-sans,=\"\" ubuntu,=\"\" cantarell,=\"\" \"helvetica=\"\" neue\",=\"\" sans-serif;\"=\"\">2 <\/strong><span style=\"font-style: inherit; font-family: -apple-system, BlinkMacSystemFont, \" segoe=\"\" ui\",=\"\" roboto,=\"\" oxygen-sans,=\"\" ubuntu,=\"\" cantarell,=\"\" \"helvetica=\"\" neue\",=\"\" sans-serif;\"=\"\">paving the path with stones laid on the ground, steps<br \/><\/span><strong style=\"font-style: inherit; font-family: -apple-system, BlinkMacSystemFont, \" segoe=\"\" ui\",=\"\" roboto,=\"\" oxygen-sans,=\"\" ubuntu,=\"\" cantarell,=\"\" \"helvetica=\"\" neue\",=\"\" sans-serif;\"=\"\">3<\/strong><span style=\"font-style: inherit; font-family: -apple-system, BlinkMacSystemFont, \" segoe=\"\" ui\",=\"\" roboto,=\"\" oxygen-sans,=\"\" ubuntu,=\"\" cantarell,=\"\" \"helvetica=\"\" neue\",=\"\" sans-serif;\"=\"\"> removing the door on the public staircase<\/span><\/p>\n<p><strong>Workshop &#8220;\u0160torta Path \u2013 Matteoti Path\" (purpose and goals):<\/strong><\/p>\n<p><strong>4<\/strong> repairing the stone steps by installing missing stones in the steps<br \/><strong style=\"font-style: inherit; font-family: -apple-system, BlinkMacSystemFont, \" segoe=\"\" ui\",=\"\" roboto,=\"\" oxygen-sans,=\"\" ubuntu,=\"\" cantarell,=\"\" \"helvetica=\"\" neue\",=\"\" sans-serif;\"=\"\">5<\/strong><span style=\"font-style: inherit; font-family: -apple-system, BlinkMacSystemFont, \" segoe=\"\" ui\",=\"\" roboto,=\"\" oxygen-sans,=\"\" ubuntu,=\"\" cantarell,=\"\" \"helvetica=\"\" neue\",=\"\" sans-serif;\"=\"\"> removing the curb between the staircase and the road<br \/><\/span><strong style=\"font-style: inherit; font-family: -apple-system, BlinkMacSystemFont, \" segoe=\"\" ui\",=\"\" roboto,=\"\" oxygen-sans,=\"\" ubuntu,=\"\" cantarell,=\"\" \"helvetica=\"\" neue\",=\"\" sans-serif;\"=\"\">6<\/strong><span style=\"font-style: inherit; font-family: -apple-system, BlinkMacSystemFont, \" segoe=\"\" ui\",=\"\" roboto,=\"\" oxygen-sans,=\"\" ubuntu,=\"\" cantarell,=\"\" \"helvetica=\"\" neue\",=\"\" sans-serif;\"=\"\"> paving the path with stones laid on the ground, steps<\/span><\/p>\n<\/p>\n<p>The PCG will adequately and professionally present the purpose of the workshop. Its achievements will be publicly presented at the Piran City Gallery at the end of the exhibition.<\/p>\n<p>\n<\/div><\/div><\/div><div class=\"kc-elm kc-css-300799 kc_col-sm-6 kc_column kc_col-sm-6\"><div class=\"kc-col-container\"><div class=\"kc-elm kc-css-416474\" style=\"height: 50px; clear: both; width:100%;\"><\/div><div class=\"kc-elm kc-css-809358 kc_shortcode kc_single_image\">\n\n        <img decoding=\"async\" src=\"https:\/\/www.obalne-galerije.si\/wp-content\/uploads\/2022\/11\/Schermata-2022-11-14-alle-17.00.37.png\" class=\"\" alt=\"\" \/>    <\/div>\n<\/div><\/div><\/div><\/div><\/section><\/p>\n","protected":false},"excerpt":{"rendered":"","protected":false},"author":4,"featured_media":17336,"comment_status":"closed","ping_status":"closed","sticky":false,"template":"","format":"standard","meta":{"footnotes":""},"categories":[98,79,47],"tags":[],"class_list":["post-16610","post","type-post","status-publish","format-standard","has-post-thumbnail","hentry","category-events","category-exhibitions","category-news"],"acf":[],"_links":{"self":[{"href":"https:\/\/www.obalne-galerije.si\/en\/wp-json\/wp\/v2\/posts\/16610","targetHints":{"allow":["GET"]}}],"collection":[{"href":"https:\/\/www.obalne-galerije.si\/en\/wp-json\/wp\/v2\/posts"}],"about":[{"href":"https:\/\/www.obalne-galerije.si\/en\/wp-json\/wp\/v2\/types\/post"}],"author":[{"embeddable":true,"href":"https:\/\/www.obalne-galerije.si\/en\/wp-json\/wp\/v2\/users\/4"}],"replies":[{"embeddable":true,"href":"https:\/\/www.obalne-galerije.si\/en\/wp-json\/wp\/v2\/comments?post=16610"}],"version-history":[{"count":4,"href":"https:\/\/www.obalne-galerije.si\/en\/wp-json\/wp\/v2\/posts\/16610\/revisions"}],"predecessor-version":[{"id":17624,"href":"https:\/\/www.obalne-galerije.si\/en\/wp-json\/wp\/v2\/posts\/16610\/revisions\/17624"}],"wp:featuredmedia":[{"embeddable":true,"href":"https:\/\/www.obalne-galerije.si\/en\/wp-json\/wp\/v2\/media\/17336"}],"wp:attachment":[{"href":"https:\/\/www.obalne-galerije.si\/en\/wp-json\/wp\/v2\/media?parent=16610"}],"wp:term":[{"taxonomy":"category","embeddable":true,"href":"https:\/\/www.obalne-galerije.si\/en\/wp-json\/wp\/v2\/categories?post=16610"},{"taxonomy":"post_tag","embeddable":true,"href":"https:\/\/www.obalne-galerije.si\/en\/wp-json\/wp\/v2\/tags?post=16610"}],"curies":[{"name":"wp","href":"https:\/\/api.w.org\/{rel}","templated":true}]}}