{"id":15987,"date":"2022-10-05T16:43:51","date_gmt":"2022-10-05T14:43:51","guid":{"rendered":"https:\/\/www.obalne-galerije.si\/?p=15987"},"modified":"2022-10-07T10:10:40","modified_gmt":"2022-10-07T08:10:40","slug":"spekula","status":"publish","type":"post","link":"https:\/\/www.obalne-galerije.si\/en\/spekula\/","title":{"rendered":"SPEKULA: In the middle, off"},"content":{"rendered":"<p><section class=\"kc-elm kc-css-197367 kc_row\"><div class=\"kc-row-container  kc-container\"><div class=\"kc-wrap-columns\"><div class=\"kc-elm kc-css-566431 kc_col-sm-12 kc_column kc_col-sm-12\"><div class=\"kc-col-container\"><div class=\"kc-elm kc-css-339339\" style=\"height: 20px; clear: both; width:100%;\"><\/div><\/div><\/div><\/div><\/div><\/section><section class=\"kc-elm kc-css-815286 kc_row\"><div class=\"kc-row-container  kc-container\"><div class=\"kc-wrap-columns\"><div class=\"kc-elm kc-css-815872 kc_col-sm-6 kc_column kc_col-sm-6\"><div class=\"kc-col-container\"><div class=\"kc-elm kc-css-842545 kc_shortcode kc_single_image\">\n\n        <img decoding=\"async\" src=\"https:\/\/www.obalne-galerije.si\/wp-content\/uploads\/2022\/10\/TISK_11_VABILO-MEDUZA-KARIZ-IN-OSTALI-1.png\" class=\"\" alt=\"\" \/>    <\/div>\n<div class=\"kc-elm kc-css-721019 kc_text_block\"><\/p>\n<p><a href=\"https:\/\/www.obalne-galerije.si\/wp-content\/uploads\/2022\/10\/TISK_11_VABILO-MEDUZA-KARIZ-IN-OSTALI.pdf\" data-wplink-edit=\"true\">PDF FLYER<\/a><\/p>\n<p>\n<\/div><div class=\"kc-elm kc-css-571168\" style=\"height: 50px; clear: both; width:100%;\"><\/div><div class=\"kc-elm kc-css-473397 kc_shortcode kc_single_image\">\n\n        <img decoding=\"async\" src=\"https:\/\/www.obalne-galerije.si\/wp-content\/uploads\/2022\/10\/LEON-ZUODAR-Break-Free-2022-mesana-tehnika-na-platnu-135-x135-cm-detajl-FOTO-Jaka-Babnik.jpg\" class=\"\" alt=\"\" \/>    <\/div>\n<div class=\"kc-elm kc-css-565062 kc_text_block\"><\/p>\n<p>Leon Zuodar | Foto: Jaka Babnik<\/p>\n<p>\n<\/div><div class=\"kc-elm kc-css-506313 kc_shortcode kc_single_image\">\n\n        <img decoding=\"async\" src=\"https:\/\/www.obalne-galerije.si\/wp-content\/uploads\/2022\/10\/IGOR-ANDJELIC-Rog-2019-zelezo-krom-rogovi-usnje-guma.jpg\" class=\"\" alt=\"\" \/>    <\/div>\n<div class=\"kc-elm kc-css-724450 kc_text_block\"><\/p>\n<p>Igor Andjeli\u0107<\/p>\n<p>\n<\/div><div class=\"kc-elm kc-css-227191 kc_shortcode kc_single_image\">\n\n        <img decoding=\"async\" src=\"https:\/\/www.obalne-galerije.si\/wp-content\/uploads\/2022\/10\/VIKTOR-BERNIK-Window-A-Hole-in-the-Museum-2021-odprtina-v-muzejski-steni-les-pleksiglas-FOTO-DEJAN-HABICHT.jpg\" class=\"\" alt=\"\" \/>    <\/div>\n<div class=\"kc-elm kc-css-776787 kc_text_block\"><\/p>\n<p>Viktor Bernik | Foto: Dejan Habicht<\/p>\n<p>\n<\/div><div class=\"kc-elm kc-css-901933 kc_shortcode kc_single_image\">\n\n        <img decoding=\"async\" src=\"https:\/\/www.obalne-galerije.si\/wp-content\/uploads\/2022\/10\/ZIGA-KARIZ-Pod-svobodnim-soncem-Under-the-free-sun-2020-video-zvok-757-min.jpg\" class=\"\" alt=\"\" \/>    <\/div>\n<div class=\"kc-elm kc-css-844915 kc_text_block\"><\/p>\n<p>\u017diga Kari\u017e<\/p>\n<p>\n<\/div><\/div><\/div><div class=\"kc-elm kc-css-486151 kc_col-sm-6 kc_column kc_col-sm-6\"><div class=\"kc-col-container\"><div class=\"kc-elm kc-css-250143 kc_text_block\"><\/p>\n<p><strong>SPEKULA: In the middle, off |\u00a0<\/strong><\/p>\n<p><strong>13.10.2022 &#8211; 30.12.2022 | Meduza Gallery, Koper<\/strong><!--more--><\/p>\n<\/p>\n<p>The fourth edition of the Spekula 2022 manifesto presents an extensive study of artworks and phenomena that, through their presentation, bring about the actualisation of the cultural-artistic scene and thus interpret the values of social qualities and norms. However, they not only interpret the aesthetisation of the context or trigger emotional realisations of narrative staging, but also set the standards and codes of reading of both moral values and the recording of documentary identification. For this purpose, the title \u201c<em>IN THE MIDDLE, OFF\u00a0<\/em>\u2013\u00a0<strong><em>V vmesnem pogledu \/ <\/em><\/strong><em>Nella visione intermezza<\/em>\u201d sounds like a sort of ear for the nature of the visible, and the perception and depiction of ideas through the archetype of pre-set patterns of social growth. The presented works include fine art, spatial installations, intermedia, conceptual, and socially engaged visual art, as well as questions and values that arise, and responds to them.\u00a0<\/p>\n<p>The presented theme is responded to in the main exhibition entitled \u201c<em>IN THE MIDDLE OF\u00a0<\/em>\u2013\u00a0<strong><em>V vmesnem pogledu \/ <\/em><\/strong><em>Nella visione intermezza<\/em>\u201d in the Meduza Gallery by four authors of more significant importance who set the contemporary standards of fine or visual art and beyond. They are \u017diga Kari\u017e, Viktor Bernik, Igor Andjeli\u0107, and Leon Zuodar, each of whom independently dictates his own trends and propulsively sets the paradigms of time and the identification of relations between the culture of perception, and the realisation of high goals and competences that can be established and made sense of through the values of the visible. The events that ensure are permeated with various names from the world of art and culture. This will be followed by various events and roundtable discussions addressing the theme of art, where connections with current topics and findings will be made, and the dialogue about artistic trends cultivated.<\/p>\n<p>All the events are of academic interest and serve as a platform intended to nurture artistic achievements within the local community and the universal space alike, and for the promotion of the new study programme entitled <em>Visual Arts and Design<\/em> at the Faculty of Education of the University of Primorska.\u00a0Hence, in the autumn programme of the Piran Coastal Galleries, Spekula 2022 will run parallel to the NEXT GENERATION exhibition dedicated to young international talents originating from academies of visual practices from the wider region, and which includes a selection of student works of the new <em>Visual Arts and Design <\/em>study programme. \u00a0<\/p>\n<p>Associate Professor Dr Tilen \u017dbona, BFA in painting, Art Director\u00a0\u00a0\u00a0<\/p>\n<p>\n<\/div><\/div><\/div><\/div><\/div><\/section><\/p>\n","protected":false},"excerpt":{"rendered":"<p>SPEKULA: In the middle, off |\u00a0 13.10.2022 &#8211; 30.12.2022 | Meduza Gallery, Koper<\/p>\n","protected":false},"author":4,"featured_media":16013,"comment_status":"closed","ping_status":"closed","sticky":false,"template":"","format":"standard","meta":{"footnotes":""},"categories":[79,37,47],"tags":[],"class_list":["post-15987","post","type-post","status-publish","format-standard","has-post-thumbnail","hentry","category-exhibitions","category-meduza-gallery","category-news"],"acf":[],"_links":{"self":[{"href":"https:\/\/www.obalne-galerije.si\/en\/wp-json\/wp\/v2\/posts\/15987","targetHints":{"allow":["GET"]}}],"collection":[{"href":"https:\/\/www.obalne-galerije.si\/en\/wp-json\/wp\/v2\/posts"}],"about":[{"href":"https:\/\/www.obalne-galerije.si\/en\/wp-json\/wp\/v2\/types\/post"}],"author":[{"embeddable":true,"href":"https:\/\/www.obalne-galerije.si\/en\/wp-json\/wp\/v2\/users\/4"}],"replies":[{"embeddable":true,"href":"https:\/\/www.obalne-galerije.si\/en\/wp-json\/wp\/v2\/comments?post=15987"}],"version-history":[{"count":4,"href":"https:\/\/www.obalne-galerije.si\/en\/wp-json\/wp\/v2\/posts\/15987\/revisions"}],"predecessor-version":[{"id":16115,"href":"https:\/\/www.obalne-galerije.si\/en\/wp-json\/wp\/v2\/posts\/15987\/revisions\/16115"}],"wp:featuredmedia":[{"embeddable":true,"href":"https:\/\/www.obalne-galerije.si\/en\/wp-json\/wp\/v2\/media\/16013"}],"wp:attachment":[{"href":"https:\/\/www.obalne-galerije.si\/en\/wp-json\/wp\/v2\/media?parent=15987"}],"wp:term":[{"taxonomy":"category","embeddable":true,"href":"https:\/\/www.obalne-galerije.si\/en\/wp-json\/wp\/v2\/categories?post=15987"},{"taxonomy":"post_tag","embeddable":true,"href":"https:\/\/www.obalne-galerije.si\/en\/wp-json\/wp\/v2\/tags?post=15987"}],"curies":[{"name":"wp","href":"https:\/\/api.w.org\/{rel}","templated":true}]}}