{"id":15606,"date":"2022-09-03T21:00:10","date_gmt":"2022-09-03T19:00:10","guid":{"rendered":"https:\/\/www.obalne-galerije.si\/?p=15606"},"modified":"2023-01-11T09:19:35","modified_gmt":"2023-01-11T08:19:35","slug":"lvii-international-painting-ex-tempore","status":"publish","type":"post","link":"https:\/\/www.obalne-galerije.si\/en\/lvii-international-painting-ex-tempore\/","title":{"rendered":"LVII. International Painting EX-TEMPORE PIRAN: Awards 2022!"},"content":{"rendered":"<p><section class=\"kc-elm kc-css-378437 kc_row\"><div class=\"kc-row-container  kc-container\"><div class=\"kc-wrap-columns\"><div class=\"kc-elm kc-css-295588 kc_col-sm-6 kc_column kc_col-sm-6\"><div class=\"kc-col-container\"><div class=\"kc-elm kc-css-45834 kc_text_block\"><\/p>\n<h2>International Expert Jury<\/h2>\n<p><strong style=\"font-style: inherit;\">\u00a0<\/strong><\/p>\n<p><strong style=\"font-style: inherit;\">Riccardo Caldura<\/strong> <strong style=\"font-style: inherit;\">(Italy),<\/strong><span style=\"font-style: inherit;\"> the director of the Academy of Fine Arts in Venice<\/span><\/p>\n<p><strong>Vadim Fi\u0161kin (Slovenia)<\/strong>, artist<\/p>\n<p><strong>Jerica Ziherl (Croatia), <\/strong>an art historian, director and curator at the Lapidarium Museum in Novigrad<\/p>\n<p>President of the jury: Riccardo Caldura<\/p>\n<p>Secretary of the jury: dr. Majda Bo\u017eeglav Japelj, curator of the Piran Coastal Galleries<\/p>\n<p>At LVII. International Painting Ex-tempore 227 participants applied and 194 works of art were submitted. The jury selected 81 works of art for the exhibition, which is set up in the Piran City Gallery and in the Monfort Gallery in Portoro\u017e.<\/p>\n<h2>Awarded prizes<\/h2>\n<p><strong>\u00a0<\/strong><\/p>\n<p><strong>PRIZES FOR WORK ON PAPER<\/strong><\/p>\n<p>TA MAONA, Piran: <strong>ZVEZDANA MARGU\u0160 PROHASKA<\/strong><\/p>\n<p>TURISTI\u010cNO ZDRU\u017dENJE PORTORO\u017d: <strong>TIHANA KARLOVI\u010c<\/strong><\/p>\n<p><strong>\u00a0<\/strong><\/p>\n<p><strong>SPECIAL PRIZES<\/strong><\/p>\n<p>TRGOVINE ART LJUBLJANA IN ROYAL TALNES<strong>: MIRJANA MATI\u0106<\/strong><\/p>\n<p><strong>\u00a0<\/strong>TRGOVINE ART LJUBLJANA IN FABRIANO<strong>: SERGEJ GLINKOV<\/strong><\/p>\n<p><strong>\u00a0<\/strong><\/p>\n<p><strong>PURCHASE PRIZES<\/strong><\/p>\n<p>ZASEBNI ZBIRATELJ: <strong>GREGOR PRATNEKER<\/strong><\/p>\n<p><strong>\u00a0<\/strong><\/p>\n<p><strong>MAJOR PURCHASE PRIZES<\/strong><\/p>\n<p>HOTEL MARKO PORTORO\u017d: <strong>DU\u0160A JESIH<\/strong><\/p>\n<p><strong>\u00a0<\/strong>PODJETJE GASSPAR NALO\u017dBE PORTORO\u017d<strong>: VASKO VIDMAR<\/strong><\/p>\n<p><strong>\u00a0<\/strong>JAVNO PODJETJE OKOLJE PIRAN PODELJUJE DVE NAGRADI: <strong>MATJA\u017d BOROVNI\u010cAR <\/strong>IN <strong>JO\u017dE KOTAR<\/strong><\/p>\n<p>ZASEBNA ZBIRATELJA MIRJAM JAHR IN RALF HEINEMANN:<strong> IVAN KONEC<\/strong><\/p>\n<p><strong>\u00a0<\/strong>STARA GOSTILNA PIRAN \/ VECCHIA OSTERIA PIRANO: <strong>NINA STOPAR<\/strong><\/p>\n<p><strong>\u00a0<\/strong>OB\u010cINA PIRAN \/ COMUNE DI PIRANO: <strong>SLAVICA OPLANI\u0106<\/strong><\/p>\n<p><strong>\u00a0<\/strong><\/p>\n<p><strong>HOTEL PRIZES<\/strong><\/p>\n<p>HOTELI BELVEDERE IZOLA<strong>: VALENTINO VIDOTTI<\/strong><\/p>\n<p><strong>\u00a0<\/strong>ART HOTEL TARTINI PIRAN<strong>: SUZANA MAROVT<\/strong><\/p>\n<p><strong>\u00a0<\/strong>EUROTASS HOTELI IN HOTEL PIRAN<strong>: TANJA HO\u010cEVAR<\/strong><\/p>\n<p><strong>\u00a0<\/strong><\/p>\n<p><strong>SPECIAL PRIZE &#8220;TARTINI 330\"<\/strong><\/p>\n<p>CAN PIRANO E COMINIT\u00c0 DEGLI ITALIANI GIUSEPPE TARTINI DI PIRANO: <strong>METKA PEPELNAK<\/strong><\/p>\n<p>\n<\/div><div class=\"kc-elm kc-css-312625\" style=\"height: 70px; clear: both; width:100%;\"><\/div><\/div><\/div><div class=\"kc-elm kc-css-688416 kc_col-sm-6 kc_column kc_col-sm-6\"><div class=\"kc-col-container\"><div class=\"kc-elm kc-css-41282 kc_shortcode kc_single_image\">\n\n        <img decoding=\"async\" src=\"https:\/\/www.obalne-galerije.si\/wp-content\/uploads\/2022\/09\/48A1099-2-scaled.jpg\" class=\"\" alt=\"\" \/>    <\/div>\n<div class=\"kc-elm kc-css-991177 kc_shortcode kc_single_image\">\n\n        <img decoding=\"async\" src=\"https:\/\/www.obalne-galerije.si\/wp-content\/uploads\/2022\/09\/48A1119-2-scaled.jpg\" class=\"\" alt=\"\" \/>    <\/div>\n<\/div><\/div><\/div><\/div><\/section><section class=\"kc-elm kc-css-374684 kc_row\"><div class=\"kc-row-container  kc-container\"><div class=\"kc-wrap-columns\"><div class=\"kc-elm kc-css-218666 kc_col-sm-6 kc_column kc_col-sm-6\"><div class=\"kc-col-container\">\n<div class=\"kc-elm kc-css-47038 kc-title-wrap \">\n\n\t<h2 class=\"kc_title\">Piran Coastal Galleries Awards<\/h2>\n<\/div>\n<div class=\"kc-elm kc-css-75538 kc_text_block\"><\/p>\n<p>\n<strong style=\"font-style: inherit; font-family: -apple-system, BlinkMacSystemFont,;\">SPECIAL PRIZE CESARE DELL&#8217;ACQUA<\/strong><\/p>\n<p>The special prize Cesare Dell&#8217;Acqua, supported by the Municipality of Koper, was awarded to <strong>MLADEN STROPNIK <\/strong>(Slovenia) for the work titled <strong>White Cloud<\/strong>. The award in the form of a solo exhibition in the Coastal Galleries of Piran will be organized in the 2023 program year.<\/p>\n<p><b>Explanation<\/b>:<br \/>Precision and imprecision, centrality and decentralization, surface and volume. A work that stands before the viewer&#8217;s gaze as if it would be a spatial installation. Minimalist and conceptual, but not in the sense of quotation and remarks, Mladen Stropnik&#8217;s work is situated in the field of contemporary international experimentation which no longer distinguishes between genres and makes formal solutions interconnected with each other. The work highlights a very updated interpretation of the relationship between form and concept, between two and three dimensions. Precisely due to the versatility of the compositional aspects that the work reveals, even in its extreme reduction, the jury identified the artist as the most interesting to be given the opportunity to have a solo show in the exhibition program of the Piran coastal Galleries in 2023.<\/p>\n<p><strong>\u00a0<\/strong><\/p>\n<p><strong>YOUNG AUTHOR PRIZE<\/strong><\/p>\n<p>The redemption prize for the best work by an author under the age of 35 is awarded by the Piran Coastal Galleries. The prize, which is in the form of a solo exhibition at the Herman Pe\u010dari\u010d Gallery in Piran, was awarded to <strong>BLA\u017dKA KRI\u017dAN<\/strong> (Slovenia) for the painting titled <strong>Currents.<\/strong><\/p>\n<p><b>Explanation<\/b>:<br \/>A visual experimentation attentive to the perceptual dimension and the dynamism of the image. The work reveals an attention to the optical and Gestalt research that characterized a period of particular relevance for the modernist art of the Balkan countries, in south-eastern Europe. The work oscillates between the dimension of art and design, considering what the surface can generate in terms of fluidity thanks to the monochromatic effects of the chosen material.<\/p>\n<p><strong>\u00a0<\/strong><\/p>\n<p><strong>GRAND PRIX<\/strong><\/p>\n<p>Grand Prix, the highest redemption prize, is also awarded by the Piran Coastal Galleries. Grand Prix of the LVII.\u00a0 International Painting Ex-tempore was awarded to <strong>MATIC MO\u0160KON <\/strong>(Slovenia) for the painting titled <strong>Only a Spectator. Alienation of The Individual From the Surroundings<\/strong>.<\/p>\n<p><strong>Explanation:<\/strong><br \/>The author, although very young, reveals a quality of psychological introspection that attracts our attention. As proposed in the title <strong><em>Only a Spectator.<\/em><\/strong><em> Alienation of The Individual From the Surroundings<\/em> the work reflects on the function of the gaze and on the act of observing. The painting shows a remarkable harmony in the few neutral colors and recalls an atmosphere, vaguely retro, even its formal composition. The last is very marked, with a deliberate focus on the human face. The author Matic Mo\u0161kon is obviously a promise of painting, a discipline that also for the new generations &#8211; as we noticed during the selection phases of Ex tempore 2022 &#8211; represents an ideal medium to question representation as the central theme of contemporary vision.<\/p>\n<p><strong>\u00a0<\/strong><\/p>\n<p><strong>CHILDREN\u2019S PRIZE<\/strong><\/p>\n<p>(aged up to 15 years)<\/p>\n<p>The prize in the form of painting material is awarded to the youngest awardees by the Piran Coastal Galleries.<\/p>\n<p><strong>MILA BEGOVI\u0106: Octoplastic<\/strong><\/p>\n<p>For more info, please vist www.obalne-galerije.si.<\/p>\n<p>LINK:<\/p>\n<p><a href=\"https:\/\/www.primorske.si\/kultura\/grand-prix-57-slikarskega-ex-tempora-v-piranu-mati\">https:\/\/www.primorske.si\/kultura\/grand-prix-57-slikarskega-ex-tempora-v-piranu-mati<\/a><\/p>\n<p><a href=\"https:\/\/www.rtvslo.si\/rtv365\/arhiv\/174896808?s=tv_ita\">https:\/\/www.rtvslo.si\/rtv365\/arhiv\/174896808?s=tv_ita<\/a><\/p>\n<p>\n<\/div><\/div><\/div><div class=\"kc-elm kc-css-6800 kc_col-sm-6 kc_column kc_col-sm-6\"><div class=\"kc-col-container\"><div class=\"kc-elm kc-css-910405 kc_shortcode kc_single_image\">\n\n        <img decoding=\"async\" src=\"https:\/\/www.obalne-galerije.si\/wp-content\/uploads\/2022\/09\/GRAND-PRIX-scaled.jpg\" class=\"\" alt=\"\" \/>    <\/div>\n<div class=\"kc-elm kc-css-534219 kc_text_block\"><\/p>\n<p>\nGrand Prix: Matic Mo\u0161kon<\/p>\n<p>\n<\/div><div class=\"kc-elm kc-css-721520\" style=\"height: 20px; clear: both; width:100%;\"><\/div><div class=\"kc-elm kc-css-497425 kc_shortcode kc_single_image\">\n\n        <img decoding=\"async\" src=\"https:\/\/www.obalne-galerije.si\/wp-content\/uploads\/2022\/09\/NAGRADA-MLADI-scaled.jpg\" class=\"\" alt=\"\" \/>    <\/div>\n<div class=\"kc-elm kc-css-523704 kc_text_block\"><\/p>\n<p>\nChildren&#8217;s Prize: Bla\u017eka Kri\u017ean<\/p>\n<p>\n<\/div><div class=\"kc-elm kc-css-630354\" style=\"height: 20px; clear: both; width:100%;\"><\/div><div class=\"kc-elm kc-css-369085 kc_shortcode kc_single_image\">\n\n        <img decoding=\"async\" src=\"https:\/\/www.obalne-galerije.si\/wp-content\/uploads\/2022\/09\/NAGRADA-CESARE-DELLACQUA-scaled.jpg\" class=\"\" alt=\"\" \/>    <\/div>\n<div class=\"kc-elm kc-css-766274 kc_text_block\"><\/p>\n<p>\nCesare dell&#8217;Acqua Prize: Mladen Stropnik<\/p>\n<p>\n<\/div><\/div><\/div><\/div><\/div><\/section><section class=\"kc-elm kc-css-757106 kc_row\"><div class=\"kc-row-container  kc-container\"><div class=\"kc-wrap-columns\"><div class=\"kc-elm kc-css-713404 kc_col-sm-12 kc_column kc_col-sm-12\"><div class=\"kc-col-container\"><div class=\"kc-elm kc-css-19110\" style=\"height: 50px; clear: both; width:100%;\"><\/div><\/div><\/div><\/div><\/div><\/section><section class=\"kc-elm kc-css-52465 kc_row\"><div class=\"kc-row-container  kc-container\"><div class=\"kc-wrap-columns\"><div class=\"kc-elm kc-css-671696 kc_col-sm-6 kc_column kc_col-sm-6\"><div class=\"kc-col-container\">\n<div class=\"kc-elm kc-css-603453 kc-title-wrap \">\n\n\t<h2 class=\"kc_title\">Exhibited artworks: Piran City Gallery<\/h2>\n<\/div>\n<div class=\"kc-elm kc-css-572995 kc_text_block\"><\/p>\n<p>\nBARBARA CETINA<br \/>BLA\u017dKA KRI\u017dAN<br \/>BOJANA SENEKOVI\u010c-\u0160.<br \/>CVETO VIDOVI\u010c<br \/>DAJANA \u010cOK<br \/>DARIJA GR\u017dINI\u010c<br \/>DRAGO \u0160UMNIK-LUKA<br \/>DU\u0160A JESIH<br \/>FILIP BOLE<br \/>GORANKA SUPIN<br \/>IVAN JANI KONEC<br \/>JANKO KASTELIC<br \/>JO\u017dE KOTAR<br \/>KAROL KUHAR<br \/>KATJA BEDNARIK SUDEC<br \/>KLAVDIJA JER\u0160INOVEC<br \/>MARTA FREI<br \/>MATIC MO\u0160KON<br \/>MATJA\u017d BOROVNI\u010cAR<br \/>METKA PEPELNAK<br \/>MILO\u0160 DEKI\u0106<br \/>MLADEN STROPNIK<br \/>NEVIJA CVITKO<br \/>NINA STOPAR<br \/>RENATA PENTEK \u0160IMOKOVI\u0106<br \/>SA\u0160A GAJ\u0160EK<br \/>SILVANA KONJEVODA<br \/>SLAVICA OPLANI\u0106<br \/>SUZANA MAROVT<br \/>\u0160PELA KOBAL<br \/>TAJA REGENT VERAS<br \/>TANJA HO\u010cEVAR<br \/>TIHANA KARLOVI\u0106<br \/>VALENTINO VIDOTTI<br \/>VASKO VIDMAR<br \/>ZVJEZDANA MARGU\u0160 PROHASKA<\/p>\n<p>\n<\/div><\/div><\/div><div class=\"kc-elm kc-css-363168 kc_col-sm-6 kc_column kc_col-sm-6\"><div class=\"kc-col-container\">\n<div class=\"kc-elm kc-css-319720 kc-title-wrap \">\n\n\t<h2 class=\"kc_title\">Exhibited artworks: Monfort Gallery<\/h2>\n<\/div>\n<div class=\"kc-elm kc-css-526152 kc_text_block\"><\/p>\n<p>\nALEN \u0160IMOKOVI\u0106<br \/>ANA ZAVOLOV\u0160EK<br \/>ANNA BERG &#8211; \u0160KVOR,<br \/>BARBARA DEM\u0160AR<br \/>BARBARA HOFMAN<br \/>BARBARA KASTELEC<br \/>DARIJA STIPANI\u0106,<br \/>DARINKA LAPAJNE<br \/>DENIS FAGANEL LUKA\u010cI\u0106<br \/>ELSA DELISE<br \/>EMILIJA PODJAVOR\u0160EK<br \/>ENEJ CJUHA GIULIATTI<br \/>ESTER DIKLI\u0106<br \/>GAJA PRIN\u010cI\u010c<br \/>GALA CJUHA GIULIATTI<br \/>GREGOR PRATNEKER<br \/>HANNES LENGAUER<br \/>IRENA MAJCEN<br \/>IVANA MARADIN<br \/>IZTOK BOBI\u0106,<br \/>JASENKA KORLEVI\u0106<br \/>JULIE REDIVO,<br \/>LARA MODRIN<br \/>LIVIO ZOPPOLATO,<br \/>MAJA IVEZI\u0106<br \/>MARJETA MEDVED<br \/>MARKO LENART<br \/>MATEV\u017d \u0160KUFCA<br \/>MAXIME NOELLE TENZER<br \/>MIHAIL HODIN<br \/>Mila Begovi\u0106<br \/>MILENA KAFOL,<br \/>MILENA RO\u0160TOHAR<br \/>MINEJA CAH \u0160VARC<br \/>MIRA RESNIK<br \/>MIRJANA MATI\u0106,<br \/>MOJCA \u0160ON,<br \/>NATA\u0160A BEZI\u0106,<br \/>NEVENKA FLAJS<br \/>NE\u017dA \u0160TURM<br \/>NIKA \u010cERNIGOJ<br \/>PAOLA BONIFACIO<br \/>PAVLA MILO\u0160I\u010c<br \/>PETRA DERGANC<br \/>ROMAN VERAS<br \/>SERGEJ GLINKOV<br \/>SIMON KASTELIC<br \/>SIMON VOVK<br \/>STANE PETROVI\u010c &#8211; \u010cON\u010c<br \/>STA\u0160A FAVAI<br \/>STOJAN \u0160PEGEL<br \/>\u0160TEFAN BREZOVNIK<br \/>TANJA \u0160PENKO<br \/>TARAS GRABOVAC,<br \/>TEJA MUNIH<br \/>ZORA ZAVR\u0160NIK \u010cRNOLOGAR<br \/>ZORKA SVATINA &#8211; CIMAN<br \/>\u017dIVA BASTJAN\u010cI\u010c<\/p>\n<p>\n<\/div><\/div><\/div><\/div><\/div><\/section><\/p>\n","protected":false},"excerpt":{"rendered":"","protected":false},"author":4,"featured_media":15611,"comment_status":"closed","ping_status":"closed","sticky":false,"template":"","format":"standard","meta":{"footnotes":""},"categories":[47],"tags":[],"class_list":["post-15606","post","type-post","status-publish","format-standard","has-post-thumbnail","hentry","category-news"],"acf":[],"_links":{"self":[{"href":"https:\/\/www.obalne-galerije.si\/en\/wp-json\/wp\/v2\/posts\/15606","targetHints":{"allow":["GET"]}}],"collection":[{"href":"https:\/\/www.obalne-galerije.si\/en\/wp-json\/wp\/v2\/posts"}],"about":[{"href":"https:\/\/www.obalne-galerije.si\/en\/wp-json\/wp\/v2\/types\/post"}],"author":[{"embeddable":true,"href":"https:\/\/www.obalne-galerije.si\/en\/wp-json\/wp\/v2\/users\/4"}],"replies":[{"embeddable":true,"href":"https:\/\/www.obalne-galerije.si\/en\/wp-json\/wp\/v2\/comments?post=15606"}],"version-history":[{"count":5,"href":"https:\/\/www.obalne-galerije.si\/en\/wp-json\/wp\/v2\/posts\/15606\/revisions"}],"predecessor-version":[{"id":17199,"href":"https:\/\/www.obalne-galerije.si\/en\/wp-json\/wp\/v2\/posts\/15606\/revisions\/17199"}],"wp:featuredmedia":[{"embeddable":true,"href":"https:\/\/www.obalne-galerije.si\/en\/wp-json\/wp\/v2\/media\/15611"}],"wp:attachment":[{"href":"https:\/\/www.obalne-galerije.si\/en\/wp-json\/wp\/v2\/media?parent=15606"}],"wp:term":[{"taxonomy":"category","embeddable":true,"href":"https:\/\/www.obalne-galerije.si\/en\/wp-json\/wp\/v2\/categories?post=15606"},{"taxonomy":"post_tag","embeddable":true,"href":"https:\/\/www.obalne-galerije.si\/en\/wp-json\/wp\/v2\/tags?post=15606"}],"curies":[{"name":"wp","href":"https:\/\/api.w.org\/{rel}","templated":true}]}}