{"id":15431,"date":"2022-08-09T21:21:28","date_gmt":"2022-08-09T19:21:28","guid":{"rendered":"https:\/\/www.obalne-galerije.si\/?p=15431"},"modified":"2022-08-12T15:27:33","modified_gmt":"2022-08-12T13:27:33","slug":"the-body-as-a-point-of-view-guided-tour-of-the-exhibition","status":"publish","type":"post","link":"https:\/\/www.obalne-galerije.si\/en\/the-body-as-a-point-of-view-guided-tour-of-the-exhibition\/","title":{"rendered":"The body as a point of view: guided tour of the exhibition"},"content":{"rendered":"<p>You are cordially invited to a guided tour of the exhibition<strong> THE BODY AS A POINT OF VIEW<\/strong><br \/>\nwith curator <strong>HANA \u010cEFERIN<\/strong>.<\/p>\n<p>&nbsp;<\/p>\n<p><strong>Lo\u017ea Gallery Koper<\/strong><br \/>\n<strong>Thursday, 11 August 2022, at 18:00<\/strong><\/p>\n<p>&nbsp;<\/p>\n<p>The exhibition THE BODY AS A POINT OF VIEW created in collaboration with Galerija Fotografija, is designed as a group exhibition of contemporary Slovenian photographers: Uro\u0161 Abram, Vanja Bu\u0107an, Boris Gaber\u0161\u010dik, Andrej Lamut, Tanja La\u017eetic, Tilyen Mucik, Janez Puk\u0161i\u010d, Bla\u017e Rojs.<br \/>\nThe selection of photographic works by authors of various ages, genders, temporal placement, location and interests attempts to show the multifaceted treatment of the human body in art. The common denominator of the exhibited works is their tendency towards curiosity, creativity and diversity, while at the same time exploring the relationship between the creator and the subject.<br \/>\nEveryone approaches the motif of the body in their own unique way and it is through this that they show a distinct picture of the development of contemporary Slovenian photography. <a href=\"https:\/\/www.obalne-galerije.si\/en\/the-body-as-a-point-of-view-photo-exhibition\/\">More information at the link&#8230;<\/a><\/p>\n","protected":false},"excerpt":{"rendered":"<p>You are cordially invited to a guided tour of the exhibition THE BODY AS A POINT OF VIEW with curator HANA \u010cEFERIN. &nbsp; Lo\u017ea Gallery Koper Thursday, 11 August 2022, at 18:00 &nbsp; The exhibition THE BODY AS A POINT OF VIEW created in collaboration with Galerija Fotografija, is designed as a group exhibition of<\/p>\n","protected":false},"author":4,"featured_media":14885,"comment_status":"closed","ping_status":"closed","sticky":false,"template":"","format":"standard","meta":{"footnotes":""},"categories":[47],"tags":[],"class_list":["post-15431","post","type-post","status-publish","format-standard","has-post-thumbnail","hentry","category-news"],"acf":[],"_links":{"self":[{"href":"https:\/\/www.obalne-galerije.si\/en\/wp-json\/wp\/v2\/posts\/15431","targetHints":{"allow":["GET"]}}],"collection":[{"href":"https:\/\/www.obalne-galerije.si\/en\/wp-json\/wp\/v2\/posts"}],"about":[{"href":"https:\/\/www.obalne-galerije.si\/en\/wp-json\/wp\/v2\/types\/post"}],"author":[{"embeddable":true,"href":"https:\/\/www.obalne-galerije.si\/en\/wp-json\/wp\/v2\/users\/4"}],"replies":[{"embeddable":true,"href":"https:\/\/www.obalne-galerije.si\/en\/wp-json\/wp\/v2\/comments?post=15431"}],"version-history":[{"count":3,"href":"https:\/\/www.obalne-galerije.si\/en\/wp-json\/wp\/v2\/posts\/15431\/revisions"}],"predecessor-version":[{"id":15458,"href":"https:\/\/www.obalne-galerije.si\/en\/wp-json\/wp\/v2\/posts\/15431\/revisions\/15458"}],"wp:featuredmedia":[{"embeddable":true,"href":"https:\/\/www.obalne-galerije.si\/en\/wp-json\/wp\/v2\/media\/14885"}],"wp:attachment":[{"href":"https:\/\/www.obalne-galerije.si\/en\/wp-json\/wp\/v2\/media?parent=15431"}],"wp:term":[{"taxonomy":"category","embeddable":true,"href":"https:\/\/www.obalne-galerije.si\/en\/wp-json\/wp\/v2\/categories?post=15431"},{"taxonomy":"post_tag","embeddable":true,"href":"https:\/\/www.obalne-galerije.si\/en\/wp-json\/wp\/v2\/tags?post=15431"}],"curies":[{"name":"wp","href":"https:\/\/api.w.org\/{rel}","templated":true}]}}