{"id":14223,"date":"2022-04-08T13:39:45","date_gmt":"2022-04-08T11:39:45","guid":{"rendered":"https:\/\/www.obalne-galerije.si\/?p=14223"},"modified":"2022-06-01T18:56:19","modified_gmt":"2022-06-01T16:56:19","slug":"aleksander-veliscek-slike-2020-2022","status":"publish","type":"post","link":"https:\/\/www.obalne-galerije.si\/en\/aleksander-veliscek-slike-2020-2022\/","title":{"rendered":"Aleksander Veli\u0161\u010dek: Slike 2020 \u2013 2022"},"content":{"rendered":"<p><section class=\"kc-elm kc-css-751066 kc_row\"><div class=\"kc-row-container  kc-container\"><div class=\"kc-wrap-columns\"><div class=\"kc-elm kc-css-187713 kc_col-sm-12 kc_column kc_col-sm-12\"><div class=\"kc-col-container\"><div class=\"kc-elm kc-css-711268\" style=\"height: 20px; clear: both; width:100%;\"><\/div><div class=\"kc-elm kc-css-119944 kc_text_block\"><\/p>\n<p style=\"font-weight: 400;\"><strong>Aleksander Veli\u0161\u010dek, Paintings 2020 &#8211;&nbsp;<\/strong><strong>2022 |&nbsp;<\/strong><\/p>\n<p style=\"font-weight: 400;\"><strong style=\"font-style: inherit; font-family: -apple-system, BlinkMacSystemFont,;\">14. 04.&nbsp; 2022 &#8211; 15. 07. 2022 |&nbsp;<\/strong><\/p>\n<p style=\"font-weight: 400;\"><strong>Opening: Thursday 14. 4. 2022 at 18:00<\/strong><\/p>\n<p>\n<\/div><div class=\"kc-elm kc-css-140403\" style=\"height: 20px; clear: both; width:100%;\"><\/div><\/div><\/div><\/div><\/div><\/section><section class=\"kc-elm kc-css-493645 kc_row\"><div class=\"kc-row-container  kc-container\"><div class=\"kc-wrap-columns\"><div class=\"kc-elm kc-css-117059 kc_col-sm-6 kc_column kc_col-sm-6\"><div class=\"kc-col-container\"><div class=\"kc-elm kc-css-223648 kc_shortcode kc_single_image\">\n\n        <img decoding=\"async\" src=\"https:\/\/www.obalne-galerije.si\/wp-content\/uploads\/2022\/04\/Rembrandt1-1-scaled.jpg\" class=\"\" alt=\"\" \/>    <\/div>\n<div class=\"kc-elm kc-css-870307 kc_shortcode kc_single_image\">\n\n        <img decoding=\"async\" src=\"https:\/\/www.obalne-galerije.si\/wp-content\/uploads\/2022\/04\/DeChirico-Magritte-scaled.jpg\" class=\"\" alt=\"\" \/>    <\/div>\n<div class=\"kc-elm kc-css-122919 kc_shortcode kc_single_image\">\n\n        <img decoding=\"async\" src=\"https:\/\/www.obalne-galerije.si\/wp-content\/uploads\/2022\/04\/orig-Edouard-Manet-Aleksander-Velis\u030cc\u030cek-2021-scaled.jpg\" class=\"\" alt=\"\" \/>    <\/div>\n<\/div><\/div><div class=\"kc-elm kc-css-661664 kc_col-sm-6 kc_column kc_col-sm-6\"><div class=\"kc-col-container\">\n<div class=\"kc-elm kc-css-577119 kc-title-wrap \">\n\n\t<h2 class=\"kc_title\">THIS IS NOT WHAT I SEE!<\/h2>\n<\/div>\n<div class=\"kc-elm kc-css-874585 kc_text_block\"><\/p>\n<p>\nAleksander Veli\u0161\u010dek is the artist of the middle generation from Primorska region. In addition to abstract episodes, the central position in his diverse opus is held by the human figure. It marked his artistic impression during his studies and later in the <em>Jugonostalgija<\/em> (2010), <em>Cleveland Steamrole<\/em>, (2012), and <em>Menschen<\/em> (2013) series; however, he achieved true authorial recognition with a series of paintings entitled <em>Gullivers<\/em> (2014\/2015). Supplemented with new works, this was also Veli\u0161\u010dek\u2019s first independent exhibition in Slovenia and was hosted by Galerija Lo\u017ea in Koper in 2017<\/p>\n<p>Through his works, be it paintings, installations, or performances, Veli\u0161\u010dek constantly incites us to think critically. Hence it is no surprise that he used the time of the pandemic, too, for a deep deliberation about himself and his fellow human being as well as the role of visual art and the artist in contemporary society.<\/p>\n<p>As for most, in isolation his real world spilled into the virtual dimension: virtual communications and digital images he discovers online become a new reality and part of his everyday. A lull, a halt, a deliberation. This vacuum is also a pause when we can look inside ourselves so that we can then take a step further. It is then that Veli\u0161\u010dek\u2019s \u201cpandemic tale\u201d started, one which spontaneously develops in different series and continues until today. As many times before, he is inspired by names from the world of painting. His initial feelings in this two-year isolation are depicted in the series of Renoir still lifes. It appears that genre paintings best reflect the personal experience of the atmosphere at that time: the awareness of the fullness of life and the joy of living in the everyday. Verbal interventions in the form of social media hashtags present paintings with a new, current dimension.<\/p>\n<p>What followed was a series of oil Rembrandt portraits. \u201cThe portraits express the depth of feelings and offer an insight into the human interior. In this series, figures are always alone. Even in Manet\u2019s painting The Luncheon on the Grass that I chose for the invitation, I get the feeling that there is no real dialogue between them,\u201d says Veli\u0161\u010dek who boldly reinterprets the great master.<\/p>\n<p>Considering the current, frequently pejorative view of it, the depiction of the traditional portrait motif is a very daring decision on the part of the artist. It is the most legitimate and understandable in the third, the most extensive series, which is much more playful and provocative than the previous ones. The portraits are colourful, very diverse in artistic style and the choice of painters he takes inspiration from. The inscription, which is a part of the painting field, misleads us and makes the interpretation of painted images and massages more difficult. The written names are recognizable and suggestive but mislead in their relation to the figure fusing the art work in an original, occasionally bizarre hybrid. It is here that Veli\u0161\u010dek found his challenge; he confuses us with the visual language and subtly dares us to keep solving the artistic rebus, while the images manipulate us. The relationship between perception and conception, between emotion and thought, the visible and invisible, and, above all, between known and unknown becomes relevant.<\/p>\n<p>\u201cThis is not what I see!\u201d the first visitor to the exhibition commented.<\/p>\n<p>Tatjana Sirk<\/p>\n<p><strong>\u00a0<\/strong><\/p>\n<p><strong>Aleksander Veli\u0161\u010dek<\/strong> (\u0160empeter pri Gorici, Slovenia, 1982) finished his painting studies at the Accademia di Belle Arti di Venezia. Since 2009, he has primarily exhibited his works at numerous group shows abroad, including in the A plus A Gallery in Venice, where he held his first independent exhibition in 2015. He has created in art residences in Venice (Bevilacqua la Masa Foundation), Belgrade, and Paris (Cit\u00e9 Internationale des Arts). In 2011, he received the Mariuccio Paracchi Testori Award (Casa Testori Society, Novate Milanese). His Gullivers exhibition was his first independent presentation at the Piran Coastal Galleries (Galerija Lo\u017ea Koper, 2017). He lives and works in Milan and Vipol\u017ee (Gori\u0161ka brda, Slovenia).<\/p>\n<p>\n<\/div><div class=\"kc-elm kc-css-138106\" style=\"height: 20px; clear: both; width:100%;\"><\/div><\/div><\/div><\/div><\/div><\/section><\/p>\n","protected":false},"excerpt":{"rendered":"","protected":false},"author":1,"featured_media":14164,"comment_status":"closed","ping_status":"closed","sticky":false,"template":"","format":"standard","meta":{"footnotes":""},"categories":[79,37,47],"tags":[],"class_list":["post-14223","post","type-post","status-publish","format-standard","has-post-thumbnail","hentry","category-exhibitions","category-meduza-gallery","category-news"],"acf":[],"_links":{"self":[{"href":"https:\/\/www.obalne-galerije.si\/en\/wp-json\/wp\/v2\/posts\/14223","targetHints":{"allow":["GET"]}}],"collection":[{"href":"https:\/\/www.obalne-galerije.si\/en\/wp-json\/wp\/v2\/posts"}],"about":[{"href":"https:\/\/www.obalne-galerije.si\/en\/wp-json\/wp\/v2\/types\/post"}],"author":[{"embeddable":true,"href":"https:\/\/www.obalne-galerije.si\/en\/wp-json\/wp\/v2\/users\/1"}],"replies":[{"embeddable":true,"href":"https:\/\/www.obalne-galerije.si\/en\/wp-json\/wp\/v2\/comments?post=14223"}],"version-history":[{"count":4,"href":"https:\/\/www.obalne-galerije.si\/en\/wp-json\/wp\/v2\/posts\/14223\/revisions"}],"predecessor-version":[{"id":14521,"href":"https:\/\/www.obalne-galerije.si\/en\/wp-json\/wp\/v2\/posts\/14223\/revisions\/14521"}],"wp:featuredmedia":[{"embeddable":true,"href":"https:\/\/www.obalne-galerije.si\/en\/wp-json\/wp\/v2\/media\/14164"}],"wp:attachment":[{"href":"https:\/\/www.obalne-galerije.si\/en\/wp-json\/wp\/v2\/media?parent=14223"}],"wp:term":[{"taxonomy":"category","embeddable":true,"href":"https:\/\/www.obalne-galerije.si\/en\/wp-json\/wp\/v2\/categories?post=14223"},{"taxonomy":"post_tag","embeddable":true,"href":"https:\/\/www.obalne-galerije.si\/en\/wp-json\/wp\/v2\/tags?post=14223"}],"curies":[{"name":"wp","href":"https:\/\/api.w.org\/{rel}","templated":true}]}}