{"id":13199,"date":"2022-01-18T21:00:12","date_gmt":"2022-01-18T20:00:12","guid":{"rendered":"https:\/\/www.obalne-galerije.si\/?p=13199"},"modified":"2022-12-13T17:33:34","modified_gmt":"2022-12-13T16:33:34","slug":"preseren-day-2022-workshop","status":"publish","type":"post","link":"https:\/\/www.obalne-galerije.si\/en\/preseren-day-2022-workshop\/","title":{"rendered":"Pre\u0161eren day 2022: Workshop"},"content":{"rendered":"<p><section class=\"kc-elm kc-css-521206 kc_row\"><div class=\"kc-row-container  kc-container\"><div class=\"kc-wrap-columns\"><div class=\"kc-elm kc-css-269697 kc_col-sm-12 kc_column kc_col-sm-12\"><div class=\"kc-col-container\"><div class=\"kc-elm kc-css-147525 kc_text_block\"><\/p>\n<p><strong>Wednesday, 8. 2. 2022 |&nbsp;<\/strong><strong style=\"font-style: inherit; font-family: -apple-system, BlinkMacSystemFont, &quot;Segoe UI&quot;, Roboto, Oxygen-Sans, Ubuntu, Cantarell, &quot;Helvetica Neue&quot;, sans-serif;\">Slovene cultural day |&nbsp;<\/strong><\/p>\n<p><strong>Different activities in Piran, Koper and Ankaran |&nbsp;<\/strong><strong style=\"font-style: inherit; font-family: -apple-system, BlinkMacSystemFont, &quot;Segoe UI&quot;, Roboto, Oxygen-Sans, Ubuntu, Cantarell, &quot;Helvetica Neue&quot;, sans-serif;\">The program will be published at the beggining of Feburary<\/strong><\/p>\n<p>\n<\/div><div class=\"kc-elm kc-css-576416\" style=\"height: 20px; clear: both; width:100%;\"><\/div><\/div><\/div><\/div><\/div><\/section><section class=\"kc-elm kc-css-378771 kc_row\"><div class=\"kc-row-container  kc-container\"><div class=\"kc-wrap-columns\"><div class=\"kc-elm kc-css-486400 kc_col-sm-12 kc_column kc_col-sm-12\"><div class=\"kc-col-container\"><div class=\"kc-elm kc-css-361248 kc_text_block\"><\/p>\n<p>This year&#039;s &#8220;Pre\u0161eren Day 2022\" is organized by the Piran Coastal Galleries in collaboration with art pedagogue and artist Matja\u017e Borovni\u010dar and art pedagogue Andreja Ozebek. At the occasion, school animations and GIFs from different parts of Slovenia will be presented. The set of animations and GIFs will be combined into a video and sent to all participating primary and secondary schools, where they will be shown to the pupils and students as part of Pre\u0161eren Day. They will also be shown on the PCG\u2019 website, its Facebook page and on the PCG\u2019 YouTube channel.<\/p>\n<p>This year, as many as seventeen schools are participating: \u0160marje pri Kopru Primary School, Se\u010dovlje Primary School, Prade Primary School, Kidri\u010devo Primary School, Electro and Maritime Secondary School (GEP\u0160), Gian Rinaldo Secondary School Koper, Dornberk Primary School, Branik Primary School, Fran Albrecht Kamnik Primary School, Koper Secondary Technical School, Hrvatini Primary School, Gra\u010di\u0161\u010de Primary School, \u0160turje Ajdov\u0161\u010dina Primary School, Sostro Primary School,<br \/>Vicenzo e Diego di Castro Primary School Piran, Koper Secondary School and Rudolf Ukovi\u010d Podgrad Primary School. The film Stories of My Place will be shown on Tuesday, February 8, 2022 at two more accessible locations in Koper and in Portoro\u017e or Piran.<\/p>\n<p>We are looking forward to Pre\u0161eren Day and to the whole creative process involving pupils and students!<\/p>\n<p>\n<\/div><div class=\"kc-elm kc-css-657075\" style=\"height: 20px; clear: both; width:100%;\"><\/div><\/div><\/div><\/div><\/div><\/section><\/p>\n","protected":false},"excerpt":{"rendered":"","protected":false},"author":4,"featured_media":7046,"comment_status":"closed","ping_status":"closed","sticky":false,"template":"","format":"standard","meta":{"footnotes":""},"categories":[98,79,47],"tags":[],"class_list":["post-13199","post","type-post","status-publish","format-standard","has-post-thumbnail","hentry","category-events","category-exhibitions","category-news"],"acf":[],"_links":{"self":[{"href":"https:\/\/www.obalne-galerije.si\/en\/wp-json\/wp\/v2\/posts\/13199","targetHints":{"allow":["GET"]}}],"collection":[{"href":"https:\/\/www.obalne-galerije.si\/en\/wp-json\/wp\/v2\/posts"}],"about":[{"href":"https:\/\/www.obalne-galerije.si\/en\/wp-json\/wp\/v2\/types\/post"}],"author":[{"embeddable":true,"href":"https:\/\/www.obalne-galerije.si\/en\/wp-json\/wp\/v2\/users\/4"}],"replies":[{"embeddable":true,"href":"https:\/\/www.obalne-galerije.si\/en\/wp-json\/wp\/v2\/comments?post=13199"}],"version-history":[{"count":4,"href":"https:\/\/www.obalne-galerije.si\/en\/wp-json\/wp\/v2\/posts\/13199\/revisions"}],"predecessor-version":[{"id":16991,"href":"https:\/\/www.obalne-galerije.si\/en\/wp-json\/wp\/v2\/posts\/13199\/revisions\/16991"}],"wp:featuredmedia":[{"embeddable":true,"href":"https:\/\/www.obalne-galerije.si\/en\/wp-json\/wp\/v2\/media\/7046"}],"wp:attachment":[{"href":"https:\/\/www.obalne-galerije.si\/en\/wp-json\/wp\/v2\/media?parent=13199"}],"wp:term":[{"taxonomy":"category","embeddable":true,"href":"https:\/\/www.obalne-galerije.si\/en\/wp-json\/wp\/v2\/categories?post=13199"},{"taxonomy":"post_tag","embeddable":true,"href":"https:\/\/www.obalne-galerije.si\/en\/wp-json\/wp\/v2\/tags?post=13199"}],"curies":[{"name":"wp","href":"https:\/\/api.w.org\/{rel}","templated":true}]}}