{"id":12069,"date":"2019-10-19T17:45:34","date_gmt":"2019-10-19T15:45:34","guid":{"rendered":"https:\/\/www.obalne-galerije.si\/?p=12069"},"modified":"2021-11-16T10:57:24","modified_gmt":"2021-11-16T09:57:24","slug":"selfie-sh-me-self-portraits","status":"publish","type":"post","link":"https:\/\/www.obalne-galerije.si\/en\/selfie-sh-me-self-portraits\/","title":{"rendered":"SELFIE\/sh\/ME: self-portraits"},"content":{"rendered":"<p><section class=\"kc-elm kc-css-157251 kc_row\"><div class=\"kc-row-container  kc-container\"><div class=\"kc-wrap-columns\"><div class=\"kc-elm kc-css-594752 kc_col-sm-6 kc_column kc_col-sm-6\"><div class=\"kc-col-container\"><div class=\"kc-elm kc-css-323292 kc_text_block\"><\/p>\n<p><strong>SELFIE\/sh\/ME: self-portraits |\u00a0<\/strong><\/p>\n<p><strong>Civic Gallery and Herman Pe\u010dari\u010d Gallery |\u00a0<\/strong><\/p>\n<p><strong>20th of December 2019 &#8211; 10th of May 2020 |<\/strong><\/p>\n<p><strong>Opening: Friday, November 20th 2019 |\u00a0<\/strong><\/p>\n<p><strong>Herman Pe\u010dari\u010d Gallery<\/strong><strong>, 18.00: Performance\u00a0<\/strong><strong>by Rudine Xhaferi, <i>Continuing to triptych<\/i>, 2001 |\u00a0<\/strong><\/p>\n<p><strong>Civic Gallery, 19.00: Opening of the exhibition.<\/strong><\/p>\n<p><strong><br \/><\/strong><!--more--><\/p>\n<p>\n<\/div><div class=\"kc-elm kc-css-492786\" style=\"height: 20px; clear: both; width:100%;\"><\/div><\/div><\/div><div class=\"kc-elm kc-css-846616 kc_col-sm-6 kc_column kc_col-sm-6\"><div class=\"kc-col-container\"><\/div><\/div><\/div><\/div><\/section><section class=\"kc-elm kc-css-145849 kc_row\"><div class=\"kc-row-container  kc-container\"><div class=\"kc-wrap-columns\"><div class=\"kc-elm kc-css-278786 kc_col-sm-6 kc_column kc_col-sm-6\"><div class=\"kc-col-container\"><div class=\"kc-elm kc-css-500862 kc_shortcode kc_single_image\">\n\n        <img decoding=\"async\" src=\"https:\/\/www.obalne-galerije.si\/wp-content\/uploads\/2019\/10\/autoritratto-MOIOSIVELLI-digital-video-stop-motion-2018-1024x576-1.png\" class=\"\" alt=\"\" \/>    <\/div>\n<div class=\"kc-elm kc-css-911803 kc_shortcode kc_single_image\">\n\n        <img decoding=\"async\" src=\"https:\/\/www.obalne-galerije.si\/wp-content\/uploads\/2019\/10\/Jenny-Rova-1024x682-1.jpg\" class=\"\" alt=\"\" \/>    <\/div>\n<div class=\"kc-elm kc-css-512080 kc_shortcode kc_single_image\">\n\n        <img decoding=\"async\" src=\"https:\/\/www.obalne-galerije.si\/wp-content\/uploads\/2019\/10\/Vrabic-Erik-in-jaz-v-bazenu-2007-olje-na-platnu-100-x-80-cm-814x1024-1.jpg\" class=\"\" alt=\"\" \/>    <\/div>\n<\/div><\/div><div class=\"kc-elm kc-css-805078 kc_col-sm-6 kc_column kc_col-sm-6\"><div class=\"kc-col-container\"><div class=\"kc-elm kc-css-993403 kc_text_block\"><\/p>\n<p>Self-portrait is a timeless motif of representation, defying the passing of time. Self-image is a means by which artists have always presented themselves to others both before and after the invention of photography or other new media. The passion for self-image, once the privilege of creativity of selected individuals, has taken over almost every one of us with the help of new technologies. Selfies transfer our images from smartphones to social networks, creating a continuous and constant flow of self-portraits, almost bulimic.<\/p>\n<p>The international group exhibition SELFIE\/sh\/ME, self-portraits reflects on the value of artistic self-portraits today, about the concept of identity in the time of selfies; it is an opportunity to explore diversity within ourselves and in relation to others through the work of contemporary visual artists. The title is a coinage of the English words self-portrait, selfish and selfie.<\/p>\n<p>Art critics from Austria, Italy, Croatia, Kosovo and Slovenia have selected artists who work on the motifs in their works: Arta Agani (Republic of Kosovo): Rudina Xhaferi, Artan Ha jrullahu; Majda Bo\u017eeglav Japelj (Slovenia): Gani Llalloshi, Ira Niero Maru\u0161i\u010d ; Nade\u017eda Elezovi\u0107 (Croatia): Metka K. Snoj , Petar \u0110akulovi\u0107 , Tomazzo Gallina (Tomislav \u0106urkovi\u0107) ; Aurora Fonda (Italy): Paolo Pretolani , Fabio De Meo , Carolina Olivieri ; Marko Ko\u0161an (Slovenia): Stanislav Makuc, Sa\u0161o Vrabi\u010d ; Nives Marvin (Slovenia): Metod Frlic , Miriam Elettra Vaccari ; Vasja Nagy-Hofbauer (Austria): Jenny Rova , Manuel Carreon Lopez ; Ana Pape\u017e (Slovenia): Tea Curk Sorta , Matja\u017e Borovni\u010dar ; Chiara Pirozzi (Italy): Moio &#038; Sivelli , Maddalena Mone ; Tatjana Sirk (Slovenia): Jurij Kalan , Aleksander Veli\u0161\u010dek ; Breda \u0160krjanec (Slovenia): Ur\u0161ula Berlot ,Eva Petri\u010d ; Sabrina Zannier (Italy): Lorena Matic , Walter Criscuoli .The catalogue contains reproductions of artworks and critical essays, with an introduction by Marco Apollonio , philosopher and writer from Koper, one of the most interesting representatives of the new wave of storytellers on this subject.<\/p>\n<p>The exhibition is set in the Civic Gallery, and in the Herman Pe\u010dari\u010d Gallery, both in the centre of Piran, where three self-portraits of Herman Pe\u010dari\u010d (1908\u20131981), a local painter who painted Istrian motifs in a modern realistic style, creating a connection with the permanent art collection. An integral part of the exhibition is also the selection of selfies sent online by the followers of the Piran Coastal Galleries.<\/p>\n<p>\n<\/div><div class=\"kc-elm kc-css-732392\" style=\"height: 20px; clear: both; width:100%;\"><\/div><div class=\"kc-elm kc-css-164643 kc-icon-wrapper\">\n\t\t<i class=\"sl-social-youtube\"><\/i>\n\t<\/div>\n<div class=\"kc-elm kc-css-705227 kc_text_block\"><\/p>\n<p><strong><a href=\"https:\/\/www.youtube.com\/watch?v=WIH3xwNlWSk\">Video<\/a><\/strong><\/p>\n<p>\n<\/div><\/div><\/div><\/div><\/div><\/section><section class=\"kc-elm kc-css-772308 kc_row\"><div class=\"kc-row-container  kc-container\"><div class=\"kc-wrap-columns\"><div class=\"kc-elm kc-css-678720 kc_col-sm-12 kc_column kc_col-sm-12\"><div class=\"kc-col-container\"><div class=\"kc-elm kc-css-218362\" style=\"height: 20px; clear: both; width:100%;\"><\/div><\/div><\/div><\/div><\/div><\/section><\/p>\n","protected":false},"excerpt":{"rendered":"<p>SELFIE\/sh\/ME: self-portraits |\u00a0 Civic Gallery and Herman Pe\u010dari\u010d Gallery |\u00a0 20th of December 2019 &#8211; 10th of May 2020 | Opening: Friday, November 20th 2019 |\u00a0 Herman Pe\u010dari\u010d Gallery, 18.00: Performance\u00a0by Rudine Xhaferi, Continuing to triptych, 2001 |\u00a0 Civic Gallery, 19.00: Opening of the exhibition.<\/p>\n","protected":false},"author":7,"featured_media":12032,"comment_status":"closed","ping_status":"closed","sticky":false,"template":"","format":"standard","meta":{"footnotes":""},"categories":[45,79,39],"tags":[],"class_list":["post-12069","post","type-post","status-publish","format-standard","has-post-thumbnail","hentry","category-city-gallery","category-exhibitions","category-herman-pecaric-gallery"],"acf":[],"_links":{"self":[{"href":"https:\/\/www.obalne-galerije.si\/en\/wp-json\/wp\/v2\/posts\/12069","targetHints":{"allow":["GET"]}}],"collection":[{"href":"https:\/\/www.obalne-galerije.si\/en\/wp-json\/wp\/v2\/posts"}],"about":[{"href":"https:\/\/www.obalne-galerije.si\/en\/wp-json\/wp\/v2\/types\/post"}],"author":[{"embeddable":true,"href":"https:\/\/www.obalne-galerije.si\/en\/wp-json\/wp\/v2\/users\/7"}],"replies":[{"embeddable":true,"href":"https:\/\/www.obalne-galerije.si\/en\/wp-json\/wp\/v2\/comments?post=12069"}],"version-history":[{"count":4,"href":"https:\/\/www.obalne-galerije.si\/en\/wp-json\/wp\/v2\/posts\/12069\/revisions"}],"predecessor-version":[{"id":12675,"href":"https:\/\/www.obalne-galerije.si\/en\/wp-json\/wp\/v2\/posts\/12069\/revisions\/12675"}],"wp:featuredmedia":[{"embeddable":true,"href":"https:\/\/www.obalne-galerije.si\/en\/wp-json\/wp\/v2\/media\/12032"}],"wp:attachment":[{"href":"https:\/\/www.obalne-galerije.si\/en\/wp-json\/wp\/v2\/media?parent=12069"}],"wp:term":[{"taxonomy":"category","embeddable":true,"href":"https:\/\/www.obalne-galerije.si\/en\/wp-json\/wp\/v2\/categories?post=12069"},{"taxonomy":"post_tag","embeddable":true,"href":"https:\/\/www.obalne-galerije.si\/en\/wp-json\/wp\/v2\/tags?post=12069"}],"curies":[{"name":"wp","href":"https:\/\/api.w.org\/{rel}","templated":true}]}}